{"id":13897,"date":"2024-07-16T12:00:00","date_gmt":"2024-07-16T16:00:00","guid":{"rendered":"https:\/\/ttt.com.bo\/?p=13897"},"modified":"2024-07-15T18:54:09","modified_gmt":"2024-07-15T22:54:09","slug":"whatsapp-fotos-perfil-ia","status":"publish","type":"post","link":"https:\/\/ttt.com.bo\/?p=13897","title":{"rendered":"Crear fotos de perfil con IA en WhatsApp ser\u00e1 posible: c\u00f3mo y cu\u00e1ndo"},"content":{"rendered":"\n<p>Meta est\u00e1 constantemente innovando y desarrollando nuevas funciones para sus plataformas. As\u00ed, WhatsApp est\u00e1 ahora en la mira con una emocionante actualizaci\u00f3n que permite a los usuarios crear fotos de perfil personalizadas utilizando inteligencia artificial (IA).<\/p>\n\n\n\n<p>Es cierto que no es algo 100% nuevo y, de hecho, es posible que te resulte conocido. Sin embargo, hasta el momento no se puede exclusivamente dentro de WhatsApp, lo que s\u00ed implica una novedad.<\/p>\n\n\n\n<h2 class=\"wp-block-heading\">\u00bfC\u00f3mo es esta nueva funci\u00f3n impulsada por IA?<\/h2>\n\n\n\n<p>La \u00faltima actualizaci\u00f3n Beta para Android de WhatsApp incluye una nueva herramienta que posiblitar\u00e1 a los usuarios generar im\u00e1genes de perfil personalizadas a partir de un conjunto de sus propias fotograf\u00edas. Esta, a su vez, se alinea con el continuo esfuerzo de Meta por integrar herramientas de IA generativa en sus plataformas. Es lo que ya ha hecho con su asistente chatbot, Meta AI, impulsado por el modelo de lenguaje grande (LLM) Llama 3.<\/p>\n\n\n\n<p>As\u00ed, la nueva funci\u00f3n de WhatsApp, llamada Im\u00e1genes generadas por IA para ti, servir\u00e1 para seleccionar un conjunto de fotos propias, como selfies, para que sean analizadas por Meta AI y se generen im\u00e1genes personalizadas. Consistir\u00e1 en los siguientes pasos:<\/p>\n\n\n\n<ul class=\"wp-block-list\">\n<li>Fotos de configuraci\u00f3n: las personas deber\u00e1n tomar algunas fotos iniciales que ser\u00e1n utilizadas luego como base<\/li>\n\n\n\n<li>An\u00e1lisis por Meta AI: la IA analizar\u00e1 y almacenar\u00e1 las mismas para emplearlas como referencia en la creaci\u00f3n de nuevas im\u00e1genes<\/li>\n\n\n\n<li>Generaci\u00f3n de im\u00e1genes: se podr\u00e1 escribir imag\u00edname en la conversaci\u00f3n con el asistente Meta AI. A partir de las fotos proporcionadas y las descripciones de texto que se a\u00f1adan, se generar\u00e1n nuevas im\u00e1genes en distintos escenarios. Por ejemplo, una selva o piscina.<\/li>\n<\/ul>\n\n\n\n<p>La descripci\u00f3n de esta funci\u00f3n en WhatsApp sugiere: \u201cHazte fotos a ti mismo, despu\u00e9s imag\u00ednate en cualquier entorno, desde el bosque hasta el espacio exterior\u201d. Es decir, vas a poder tener tu perfil como quieras y en el lugar o entorno que m\u00e1s te guste.<\/p>\n\n\n\n<h2 class=\"wp-block-heading\">Disponibilidad y configuraci\u00f3n<\/h2>\n\n\n\n<p>Por el momento, esta innovadora funci\u00f3n est\u00e1 en desarrollo y se lanzar\u00e1 en una futura actualizaci\u00f3n de WhatsApp. Es decir, se desconoce la fecha exacta, pero est\u00e1 claro que se encuentra m\u00e1s cerca que nunca.&nbsp;<\/p>\n\n\n\n<p>Es importante destacar que esta caracter\u00edstica ser\u00e1 opcional y podr\u00e1 deshabilitarse desde la configuraci\u00f3n de la aplicaci\u00f3n. Adem\u00e1s, la disponibilidad inicial de la IA de Meta est\u00e1 limitada a algunos pa\u00edses, pero tampoco est\u00e1 confirmado a cu\u00e1les exactamente.<\/p>\n\n\n\n<p>As\u00ed, la incorporaci\u00f3n de herramientas de IA generativa en WhatsApp es un gran paso adelante en la personalizaci\u00f3n y mejora de la experiencia del usuario. Y, si eres una persona que se divierta llevando la imaginaci\u00f3n a otro nivel, resultar\u00e1 ideal para ti.<\/p>\n","protected":false},"excerpt":{"rendered":"<p>Meta est\u00e1 constantemente innovando y desarrollando nuevas funciones para sus plataformas. As\u00ed, WhatsApp est\u00e1 ahora en la mira con una emocionante actualizaci\u00f3n que permite a los usuarios crear fotos de perfil personalizadas utilizando inteligencia artificial&#8230;<\/p>\n","protected":false},"author":12,"featured_media":13898,"comment_status":"open","ping_status":"closed","sticky":false,"template":"","format":"standard","meta":{"footnotes":""},"categories":[46],"tags":[],"class_list":["post-13897","post","type-post","status-publish","format-standard","has-post-thumbnail","hentry","category-aplicaciones"],"yoast_head":"<!-- This site is optimized with the Yoast SEO plugin v27.5 - https:\/\/yoast.com\/product\/yoast-seo-wordpress\/ -->\n<title>Crear fotos de perfil con IA en WhatsApp ser\u00e1 posible: c\u00f3mo y cu\u00e1ndo<\/title>\n<meta name=\"description\" content=\"WhatsApp est\u00e1 pr\u00f3xima a sumar una funci\u00f3n que permitir\u00e1 crear fotos de perfil con IA para elegir d\u00f3nde y c\u00f3mo anhelas lucir\" \/>\n<meta name=\"robots\" content=\"index, follow, max-snippet:-1, max-image-preview:large, max-video-preview:-1\" \/>\n<link rel=\"canonical\" href=\"https:\/\/ttt.com.bo\/?p=13897\" \/>\n<meta property=\"og:locale\" content=\"es_ES\" \/>\n<meta property=\"og:type\" content=\"article\" \/>\n<meta property=\"og:title\" content=\"Crear fotos de perfil con IA en WhatsApp ser\u00e1 posible: c\u00f3mo y cu\u00e1ndo\" \/>\n<meta property=\"og:description\" content=\"WhatsApp est\u00e1 pr\u00f3xima a sumar una funci\u00f3n que permitir\u00e1 crear fotos de perfil con IA para elegir d\u00f3nde y c\u00f3mo anhelas lucir\" \/>\n<meta property=\"og:url\" content=\"https:\/\/ttt.com.bo\/?p=13897\" \/>\n<meta property=\"og:site_name\" content=\"True Tech Bolivia\" \/>\n<meta property=\"article:publisher\" content=\"https:\/\/www.facebook.com\/tioetruetech\/\" \/>\n<meta property=\"article:published_time\" content=\"2024-07-16T16:00:00+00:00\" \/>\n<meta property=\"og:image\" content=\"https:\/\/ttt.com.bo\/wp-content\/uploads\/2024\/07\/Crear-fotos-de-perfil-con-IA-en-WhatsApp-sera-posible.jpg\" \/>\n\t<meta property=\"og:image:width\" content=\"1350\" \/>\n\t<meta property=\"og:image:height\" content=\"650\" \/>\n\t<meta property=\"og:image:type\" content=\"image\/jpeg\" \/>\n<meta name=\"author\" content=\"Kevin Kupfreberg\" \/>\n<meta name=\"twitter:card\" content=\"summary_large_image\" \/>\n<meta name=\"twitter:creator\" content=\"@tiotruetech\" \/>\n<meta name=\"twitter:site\" content=\"@tiotruetech\" \/>\n<meta name=\"twitter:label1\" content=\"Escrito por\" \/>\n\t<meta name=\"twitter:data1\" content=\"Kevin Kupfreberg\" \/>\n\t<meta name=\"twitter:label2\" content=\"Tiempo de lectura\" \/>\n\t<meta name=\"twitter:data2\" content=\"3 minutos\" \/>\n<script type=\"application\/ld+json\" class=\"yoast-schema-graph\">{\"@context\":\"https:\\\/\\\/schema.org\",\"@graph\":[{\"@type\":\"Article\",\"@id\":\"https:\\\/\\\/ttt.com.bo\\\/?p=13897#article\",\"isPartOf\":{\"@id\":\"https:\\\/\\\/ttt.com.bo\\\/?p=13897\"},\"author\":{\"name\":\"Kevin Kupfreberg\",\"@id\":\"https:\\\/\\\/ttt.com.bo\\\/#\\\/schema\\\/person\\\/bffaa4669cb827e4132b78c4b9f72cc3\"},\"headline\":\"Crear fotos de perfil con IA en WhatsApp ser\u00e1 posible: c\u00f3mo y cu\u00e1ndo\",\"datePublished\":\"2024-07-16T16:00:00+00:00\",\"mainEntityOfPage\":{\"@id\":\"https:\\\/\\\/ttt.com.bo\\\/?p=13897\"},\"wordCount\":490,\"commentCount\":0,\"publisher\":{\"@id\":\"https:\\\/\\\/ttt.com.bo\\\/#organization\"},\"image\":{\"@id\":\"https:\\\/\\\/ttt.com.bo\\\/?p=13897#primaryimage\"},\"thumbnailUrl\":\"https:\\\/\\\/ttt.com.bo\\\/wp-content\\\/uploads\\\/2024\\\/07\\\/Crear-fotos-de-perfil-con-IA-en-WhatsApp-sera-posible.jpg\",\"articleSection\":[\"Aplicaciones\"],\"inLanguage\":\"es\",\"potentialAction\":[{\"@type\":\"CommentAction\",\"name\":\"Comment\",\"target\":[\"https:\\\/\\\/ttt.com.bo\\\/?p=13897#respond\"]}]},{\"@type\":\"WebPage\",\"@id\":\"https:\\\/\\\/ttt.com.bo\\\/?p=13897\",\"url\":\"https:\\\/\\\/ttt.com.bo\\\/?p=13897\",\"name\":\"Crear fotos de perfil con IA en WhatsApp ser\u00e1 posible: c\u00f3mo y cu\u00e1ndo\",\"isPartOf\":{\"@id\":\"https:\\\/\\\/ttt.com.bo\\\/#website\"},\"primaryImageOfPage\":{\"@id\":\"https:\\\/\\\/ttt.com.bo\\\/?p=13897#primaryimage\"},\"image\":{\"@id\":\"https:\\\/\\\/ttt.com.bo\\\/?p=13897#primaryimage\"},\"thumbnailUrl\":\"https:\\\/\\\/ttt.com.bo\\\/wp-content\\\/uploads\\\/2024\\\/07\\\/Crear-fotos-de-perfil-con-IA-en-WhatsApp-sera-posible.jpg\",\"datePublished\":\"2024-07-16T16:00:00+00:00\",\"description\":\"WhatsApp est\u00e1 pr\u00f3xima a sumar una funci\u00f3n que permitir\u00e1 crear fotos de perfil con IA para elegir d\u00f3nde y c\u00f3mo anhelas lucir\",\"breadcrumb\":{\"@id\":\"https:\\\/\\\/ttt.com.bo\\\/?p=13897#breadcrumb\"},\"inLanguage\":\"es\",\"potentialAction\":[{\"@type\":\"ReadAction\",\"target\":[\"https:\\\/\\\/ttt.com.bo\\\/?p=13897\"]}]},{\"@type\":\"ImageObject\",\"inLanguage\":\"es\",\"@id\":\"https:\\\/\\\/ttt.com.bo\\\/?p=13897#primaryimage\",\"url\":\"https:\\\/\\\/ttt.com.bo\\\/wp-content\\\/uploads\\\/2024\\\/07\\\/Crear-fotos-de-perfil-con-IA-en-WhatsApp-sera-posible.jpg\",\"contentUrl\":\"https:\\\/\\\/ttt.com.bo\\\/wp-content\\\/uploads\\\/2024\\\/07\\\/Crear-fotos-de-perfil-con-IA-en-WhatsApp-sera-posible.jpg\",\"width\":1350,\"height\":650,\"caption\":\"WhatsApp y una funci\u00f3n para crear im\u00e1genes con IA\"},{\"@type\":\"BreadcrumbList\",\"@id\":\"https:\\\/\\\/ttt.com.bo\\\/?p=13897#breadcrumb\",\"itemListElement\":[{\"@type\":\"ListItem\",\"position\":1,\"name\":\"Portada\",\"item\":\"https:\\\/\\\/ttt.com.bo\\\/\"},{\"@type\":\"ListItem\",\"position\":2,\"name\":\"Crear fotos de perfil con IA en WhatsApp ser\u00e1 posible: c\u00f3mo y cu\u00e1ndo\"}]},{\"@type\":\"WebSite\",\"@id\":\"https:\\\/\\\/ttt.com.bo\\\/#website\",\"url\":\"https:\\\/\\\/ttt.com.bo\\\/\",\"name\":\"True Tech Bolivia\",\"description\":\"Tecnolog\u00eda a tu alcance\",\"publisher\":{\"@id\":\"https:\\\/\\\/ttt.com.bo\\\/#organization\"},\"potentialAction\":[{\"@type\":\"SearchAction\",\"target\":{\"@type\":\"EntryPoint\",\"urlTemplate\":\"https:\\\/\\\/ttt.com.bo\\\/?s={search_term_string}\"},\"query-input\":{\"@type\":\"PropertyValueSpecification\",\"valueRequired\":true,\"valueName\":\"search_term_string\"}}],\"inLanguage\":\"es\"},{\"@type\":\"Organization\",\"@id\":\"https:\\\/\\\/ttt.com.bo\\\/#organization\",\"name\":\"The True Tech Bolivia\",\"url\":\"https:\\\/\\\/ttt.com.bo\\\/\",\"logo\":{\"@type\":\"ImageObject\",\"inLanguage\":\"es\",\"@id\":\"https:\\\/\\\/ttt.com.bo\\\/#\\\/schema\\\/logo\\\/image\\\/\",\"url\":\"https:\\\/\\\/ttt.com.bo\\\/wp-content\\\/uploads\\\/2020\\\/09\\\/LOGO-05.png\",\"contentUrl\":\"https:\\\/\\\/ttt.com.bo\\\/wp-content\\\/uploads\\\/2020\\\/09\\\/LOGO-05.png\",\"width\":1060,\"height\":1060,\"caption\":\"The True Tech Bolivia\"},\"image\":{\"@id\":\"https:\\\/\\\/ttt.com.bo\\\/#\\\/schema\\\/logo\\\/image\\\/\"},\"sameAs\":[\"https:\\\/\\\/www.facebook.com\\\/tioetruetech\\\/\",\"https:\\\/\\\/x.com\\\/tiotruetech\",\"https:\\\/\\\/www.instagram.com\\\/tioetruetech\\\/\",\"https:\\\/\\\/www.youtube.com\\\/channel\\\/UCgTkcGccJ5oZANJnDq0TWwQ\\\/videos\"]},{\"@type\":\"Person\",\"@id\":\"https:\\\/\\\/ttt.com.bo\\\/#\\\/schema\\\/person\\\/bffaa4669cb827e4132b78c4b9f72cc3\",\"name\":\"Kevin Kupfreberg\",\"image\":{\"@type\":\"ImageObject\",\"inLanguage\":\"es\",\"@id\":\"https:\\\/\\\/secure.gravatar.com\\\/avatar\\\/c6a0ea5d924212ef8110ed98bace664174890199855ab2aeadd7ca0363cc67ff?s=96&d=mm&r=g\",\"url\":\"https:\\\/\\\/secure.gravatar.com\\\/avatar\\\/c6a0ea5d924212ef8110ed98bace664174890199855ab2aeadd7ca0363cc67ff?s=96&d=mm&r=g\",\"contentUrl\":\"https:\\\/\\\/secure.gravatar.com\\\/avatar\\\/c6a0ea5d924212ef8110ed98bace664174890199855ab2aeadd7ca0363cc67ff?s=96&d=mm&r=g\",\"caption\":\"Kevin Kupfreberg\"},\"description\":\"Periodista, comunicador social y especialista en SEO y marketing digital. Me apasiona escribir sobre diferentes temas, nichos, plataformas y tipos de p\u00fablicos. As\u00ed he trabajado en m\u00faltiples sitios web, tiendas ecommerce y blogs para cumplir con los requerimientos tanto del buyer persona como del cliente\",\"url\":\"https:\\\/\\\/ttt.com.bo\\\/?author=12\"}]}<\/script>\n<!-- \/ Yoast SEO plugin. -->","yoast_head_json":{"title":"Crear fotos de perfil con IA en WhatsApp ser\u00e1 posible: c\u00f3mo y cu\u00e1ndo","description":"WhatsApp est\u00e1 pr\u00f3xima a sumar una funci\u00f3n que permitir\u00e1 crear fotos de perfil con IA para elegir d\u00f3nde y c\u00f3mo anhelas lucir","robots":{"index":"index","follow":"follow","max-snippet":"max-snippet:-1","max-image-preview":"max-image-preview:large","max-video-preview":"max-video-preview:-1"},"canonical":"https:\/\/ttt.com.bo\/?p=13897","og_locale":"es_ES","og_type":"article","og_title":"Crear fotos de perfil con IA en WhatsApp ser\u00e1 posible: c\u00f3mo y cu\u00e1ndo","og_description":"WhatsApp est\u00e1 pr\u00f3xima a sumar una funci\u00f3n que permitir\u00e1 crear fotos de perfil con IA para elegir d\u00f3nde y c\u00f3mo anhelas lucir","og_url":"https:\/\/ttt.com.bo\/?p=13897","og_site_name":"True Tech Bolivia","article_publisher":"https:\/\/www.facebook.com\/tioetruetech\/","article_published_time":"2024-07-16T16:00:00+00:00","og_image":[{"width":1350,"height":650,"url":"https:\/\/ttt.com.bo\/wp-content\/uploads\/2024\/07\/Crear-fotos-de-perfil-con-IA-en-WhatsApp-sera-posible.jpg","type":"image\/jpeg"}],"author":"Kevin Kupfreberg","twitter_card":"summary_large_image","twitter_creator":"@tiotruetech","twitter_site":"@tiotruetech","twitter_misc":{"Escrito por":"Kevin Kupfreberg","Tiempo de lectura":"3 minutos"},"schema":{"@context":"https:\/\/schema.org","@graph":[{"@type":"Article","@id":"https:\/\/ttt.com.bo\/?p=13897#article","isPartOf":{"@id":"https:\/\/ttt.com.bo\/?p=13897"},"author":{"name":"Kevin Kupfreberg","@id":"https:\/\/ttt.com.bo\/#\/schema\/person\/bffaa4669cb827e4132b78c4b9f72cc3"},"headline":"Crear fotos de perfil con IA en WhatsApp ser\u00e1 posible: c\u00f3mo y cu\u00e1ndo","datePublished":"2024-07-16T16:00:00+00:00","mainEntityOfPage":{"@id":"https:\/\/ttt.com.bo\/?p=13897"},"wordCount":490,"commentCount":0,"publisher":{"@id":"https:\/\/ttt.com.bo\/#organization"},"image":{"@id":"https:\/\/ttt.com.bo\/?p=13897#primaryimage"},"thumbnailUrl":"https:\/\/ttt.com.bo\/wp-content\/uploads\/2024\/07\/Crear-fotos-de-perfil-con-IA-en-WhatsApp-sera-posible.jpg","articleSection":["Aplicaciones"],"inLanguage":"es","potentialAction":[{"@type":"CommentAction","name":"Comment","target":["https:\/\/ttt.com.bo\/?p=13897#respond"]}]},{"@type":"WebPage","@id":"https:\/\/ttt.com.bo\/?p=13897","url":"https:\/\/ttt.com.bo\/?p=13897","name":"Crear fotos de perfil con IA en WhatsApp ser\u00e1 posible: c\u00f3mo y cu\u00e1ndo","isPartOf":{"@id":"https:\/\/ttt.com.bo\/#website"},"primaryImageOfPage":{"@id":"https:\/\/ttt.com.bo\/?p=13897#primaryimage"},"image":{"@id":"https:\/\/ttt.com.bo\/?p=13897#primaryimage"},"thumbnailUrl":"https:\/\/ttt.com.bo\/wp-content\/uploads\/2024\/07\/Crear-fotos-de-perfil-con-IA-en-WhatsApp-sera-posible.jpg","datePublished":"2024-07-16T16:00:00+00:00","description":"WhatsApp est\u00e1 pr\u00f3xima a sumar una funci\u00f3n que permitir\u00e1 crear fotos de perfil con IA para elegir d\u00f3nde y c\u00f3mo anhelas lucir","breadcrumb":{"@id":"https:\/\/ttt.com.bo\/?p=13897#breadcrumb"},"inLanguage":"es","potentialAction":[{"@type":"ReadAction","target":["https:\/\/ttt.com.bo\/?p=13897"]}]},{"@type":"ImageObject","inLanguage":"es","@id":"https:\/\/ttt.com.bo\/?p=13897#primaryimage","url":"https:\/\/ttt.com.bo\/wp-content\/uploads\/2024\/07\/Crear-fotos-de-perfil-con-IA-en-WhatsApp-sera-posible.jpg","contentUrl":"https:\/\/ttt.com.bo\/wp-content\/uploads\/2024\/07\/Crear-fotos-de-perfil-con-IA-en-WhatsApp-sera-posible.jpg","width":1350,"height":650,"caption":"WhatsApp y una funci\u00f3n para crear im\u00e1genes con IA"},{"@type":"BreadcrumbList","@id":"https:\/\/ttt.com.bo\/?p=13897#breadcrumb","itemListElement":[{"@type":"ListItem","position":1,"name":"Portada","item":"https:\/\/ttt.com.bo\/"},{"@type":"ListItem","position":2,"name":"Crear fotos de perfil con IA en WhatsApp ser\u00e1 posible: c\u00f3mo y cu\u00e1ndo"}]},{"@type":"WebSite","@id":"https:\/\/ttt.com.bo\/#website","url":"https:\/\/ttt.com.bo\/","name":"True Tech Bolivia","description":"Tecnolog\u00eda a tu alcance","publisher":{"@id":"https:\/\/ttt.com.bo\/#organization"},"potentialAction":[{"@type":"SearchAction","target":{"@type":"EntryPoint","urlTemplate":"https:\/\/ttt.com.bo\/?s={search_term_string}"},"query-input":{"@type":"PropertyValueSpecification","valueRequired":true,"valueName":"search_term_string"}}],"inLanguage":"es"},{"@type":"Organization","@id":"https:\/\/ttt.com.bo\/#organization","name":"The True Tech Bolivia","url":"https:\/\/ttt.com.bo\/","logo":{"@type":"ImageObject","inLanguage":"es","@id":"https:\/\/ttt.com.bo\/#\/schema\/logo\/image\/","url":"https:\/\/ttt.com.bo\/wp-content\/uploads\/2020\/09\/LOGO-05.png","contentUrl":"https:\/\/ttt.com.bo\/wp-content\/uploads\/2020\/09\/LOGO-05.png","width":1060,"height":1060,"caption":"The True Tech Bolivia"},"image":{"@id":"https:\/\/ttt.com.bo\/#\/schema\/logo\/image\/"},"sameAs":["https:\/\/www.facebook.com\/tioetruetech\/","https:\/\/x.com\/tiotruetech","https:\/\/www.instagram.com\/tioetruetech\/","https:\/\/www.youtube.com\/channel\/UCgTkcGccJ5oZANJnDq0TWwQ\/videos"]},{"@type":"Person","@id":"https:\/\/ttt.com.bo\/#\/schema\/person\/bffaa4669cb827e4132b78c4b9f72cc3","name":"Kevin Kupfreberg","image":{"@type":"ImageObject","inLanguage":"es","@id":"https:\/\/secure.gravatar.com\/avatar\/c6a0ea5d924212ef8110ed98bace664174890199855ab2aeadd7ca0363cc67ff?s=96&d=mm&r=g","url":"https:\/\/secure.gravatar.com\/avatar\/c6a0ea5d924212ef8110ed98bace664174890199855ab2aeadd7ca0363cc67ff?s=96&d=mm&r=g","contentUrl":"https:\/\/secure.gravatar.com\/avatar\/c6a0ea5d924212ef8110ed98bace664174890199855ab2aeadd7ca0363cc67ff?s=96&d=mm&r=g","caption":"Kevin Kupfreberg"},"description":"Periodista, comunicador social y especialista en SEO y marketing digital. Me apasiona escribir sobre diferentes temas, nichos, plataformas y tipos de p\u00fablicos. As\u00ed he trabajado en m\u00faltiples sitios web, tiendas ecommerce y blogs para cumplir con los requerimientos tanto del buyer persona como del cliente","url":"https:\/\/ttt.com.bo\/?author=12"}]}},"_links":{"self":[{"href":"https:\/\/ttt.com.bo\/index.php?rest_route=\/wp\/v2\/posts\/13897","targetHints":{"allow":["GET"]}}],"collection":[{"href":"https:\/\/ttt.com.bo\/index.php?rest_route=\/wp\/v2\/posts"}],"about":[{"href":"https:\/\/ttt.com.bo\/index.php?rest_route=\/wp\/v2\/types\/post"}],"author":[{"embeddable":true,"href":"https:\/\/ttt.com.bo\/index.php?rest_route=\/wp\/v2\/users\/12"}],"replies":[{"embeddable":true,"href":"https:\/\/ttt.com.bo\/index.php?rest_route=%2Fwp%2Fv2%2Fcomments&post=13897"}],"version-history":[{"count":1,"href":"https:\/\/ttt.com.bo\/index.php?rest_route=\/wp\/v2\/posts\/13897\/revisions"}],"predecessor-version":[{"id":13899,"href":"https:\/\/ttt.com.bo\/index.php?rest_route=\/wp\/v2\/posts\/13897\/revisions\/13899"}],"wp:featuredmedia":[{"embeddable":true,"href":"https:\/\/ttt.com.bo\/index.php?rest_route=\/wp\/v2\/media\/13898"}],"wp:attachment":[{"href":"https:\/\/ttt.com.bo\/index.php?rest_route=%2Fwp%2Fv2%2Fmedia&parent=13897"}],"wp:term":[{"taxonomy":"category","embeddable":true,"href":"https:\/\/ttt.com.bo\/index.php?rest_route=%2Fwp%2Fv2%2Fcategories&post=13897"},{"taxonomy":"post_tag","embeddable":true,"href":"https:\/\/ttt.com.bo\/index.php?rest_route=%2Fwp%2Fv2%2Ftags&post=13897"}],"curies":[{"name":"wp","href":"https:\/\/api.w.org\/{rel}","templated":true}]}}