{"id":13827,"date":"2024-07-08T18:51:49","date_gmt":"2024-07-08T22:51:49","guid":{"rendered":"https:\/\/ttt.com.bo\/?p=13827"},"modified":"2024-07-08T18:57:55","modified_gmt":"2024-07-08T22:57:55","slug":"concurso-fotografia-sony-2025","status":"publish","type":"post","link":"https:\/\/ttt.com.bo\/?p=13827","title":{"rendered":"Sony lanza su concurso de fotograf\u00eda 2025"},"content":{"rendered":"\n<p><strong>Sony World Photography Awards 2025: Participaci\u00f3n y Fechas Importantes<\/strong><\/p>\n\n\n\n<h3 class=\"wp-block-heading\">Participaci\u00f3n Gratuita y Categor\u00edas<\/h3>\n\n\n\n<p>Desde el 1 de junio de 2024, los fot\u00f3grafos pueden inscribirse gratuitamente en los Sony World Photography Awards a trav\u00e9s de worldphoto.org. Este prestigioso evento anual premia las mejores fotograf\u00edas contempor\u00e1neas y ofrece a los fot\u00f3grafos una gran exposici\u00f3n y valiosas oportunidades.<\/p>\n\n\n\n<h3 class=\"wp-block-heading\">Categor\u00edas de Competencia<\/h3>\n\n\n\n<p><strong>Profesional:<\/strong>\u00a0Series de 5 a 10 im\u00e1genes en 10 categor\u00edas.<strong>Abierta:<\/strong>\u00a0Mejores im\u00e1genes \u00fanicas del a\u00f1o en 10 categor\u00edas. <strong>Juvenil:<\/strong>\u00a0Fotograf\u00edas de talentos emergentes hasta 19 a\u00f1os <strong>Estudiantil:<\/strong>\u00a0Proyectos de estudiantes de fotograf\u00eda.<\/p>\n\n\n\n<h3 class=\"wp-block-heading\">Premios Especiales para Fot\u00f3grafos Latinos<\/h3>\n\n\n\n<p>Los fot\u00f3grafos latinos pueden participar en el&nbsp;<strong>Latin America Professional Award<\/strong>&nbsp;y el&nbsp;<strong>Latin America Regional Award<\/strong>, con premios que incluyen equipos de imagen digital de <a href=\"https:\/\/ttt.com.bo\/sony-braviatm-hogar\/\">Sony<\/a> y exhibici\u00f3n de sus obras.<\/p>\n\n\n\n<h3 class=\"wp-block-heading\">Novedades para 2025<\/h3>\n\n\n\n<p><strong>Nueva Categor\u00eda Profesional: Perspectivas:<\/strong>&nbsp;Presentaci\u00f3n de series que narran historias a trav\u00e9s de diferentes formatos y g\u00e9neros.<\/p>\n\n\n\n<p><strong>Tema de la Competencia Estudiantil: \u00abIn the Beginning\u00bb<\/strong><\/p>\n\n\n\n<p><strong>Tema de la Competencia Juvenil: Convocatoria Abierta &#8211; \u00a1Mu\u00e9stranos tus mejores im\u00e1genes!<\/strong><\/p>\n\n\n\n<h3 class=\"wp-block-heading\">Fechas de Cierre<\/h3>\n\n\n\n<p><strong>Profesional:<\/strong>&nbsp;10 de enero de 2025<\/p>\n\n\n\n<p><strong>Abierta:<\/strong>&nbsp;3 de enero de 2025<\/p>\n\n\n\n<p><strong>Estudiantil:<\/strong>&nbsp;29 de noviembre de 2024<\/p>\n\n\n\n<p><strong>Juvenil:<\/strong>&nbsp;3 de enero de 2025<\/p>\n\n\n\n<h3 class=\"wp-block-heading\">Premios y Reconocimientos<\/h3>\n\n\n\n<p>Equipos de imagen digital de Sony para todos los ganadores.<\/p>\n\n\n\n<p>Premios en efectivo:<\/p>\n\n\n\n<p>Fot\u00f3grafo del A\u00f1o: USD 25,000<\/p>\n\n\n\n<p>Fot\u00f3grafo del A\u00f1o de la Competencia Abierta: USD 5,000<\/p>\n\n\n\n<p>Premio a la Sustentabilidad: USD 5,000<\/p>\n\n\n\n<p>Los ganadores tambi\u00e9n tendr\u00e1n la oportunidad de exhibir sus trabajos en Londres y participar en un tour internacional.<\/p>\n\n\n\n<h3 class=\"wp-block-heading\">Informaci\u00f3n Adicional<\/h3>\n\n\n\n<p>Para m\u00e1s detalles, visita&nbsp;<a href=\"http:\/\/worldphoto.org\/\">worldphoto.org<\/a>.<\/p>\n\n\n\n<p><strong>Organizaci\u00f3n y Apoyo<\/strong><\/p>\n\n\n\n<p><strong>World Photography Organisation (WPO):<\/strong>&nbsp;Plataforma l\u00edder en cultura fotogr\u00e1fica.<\/p>\n\n\n\n<p><strong>Creo:<\/strong>&nbsp;Organizaci\u00f3n de eventos en fotograf\u00eda, cine y arte contempor\u00e1neo.<\/p>\n\n\n\n<p><strong>Sony Group Corporation:<\/strong>&nbsp;Empresa de entretenimiento con base tecnol\u00f3gica.<\/p>\n\n\n\n<p>Estos premios ofrecen a los fot\u00f3grafos una plataforma global y el respaldo de expertos de la industria, contribuyendo al desarrollo de la cultura fotogr\u00e1fica a nivel mundial.<\/p>\n","protected":false},"excerpt":{"rendered":"<p>Sony World Photography Awards 2025: Participaci\u00f3n y Fechas Importantes Participaci\u00f3n Gratuita y Categor\u00edas Desde el 1 de junio de 2024, los fot\u00f3grafos pueden inscribirse gratuitamente en los Sony World Photography Awards a trav\u00e9s de worldphoto.org&#8230;.<\/p>\n","protected":false},"author":1,"featured_media":13830,"comment_status":"open","ping_status":"closed","sticky":true,"template":"","format":"standard","meta":{"footnotes":""},"categories":[459,41],"tags":[],"class_list":["post-13827","post","type-post","status-publish","format-standard","has-post-thumbnail","hentry","category-blog","category-empresas"],"yoast_head":"<!-- This site is optimized with the Yoast SEO plugin v27.5 - https:\/\/yoast.com\/product\/yoast-seo-wordpress\/ -->\n<title>Sony lanza su concurso de fotograf\u00eda 2025 - True Tech Bolivia<\/title>\n<meta name=\"description\" content=\"Participa en los Sony World Photography Awards 2025. Inscripci\u00f3n gratuita, nuevas categor\u00edas y premios. Env\u00eda tus fotos worldphoto.org.\" \/>\n<meta name=\"robots\" content=\"index, follow, max-snippet:-1, max-image-preview:large, max-video-preview:-1\" \/>\n<link rel=\"canonical\" href=\"https:\/\/ttt.com.bo\/?p=13827\" \/>\n<meta property=\"og:locale\" content=\"es_ES\" \/>\n<meta property=\"og:type\" content=\"article\" \/>\n<meta property=\"og:title\" content=\"Sony lanza su concurso de fotograf\u00eda 2025 - True Tech Bolivia\" \/>\n<meta property=\"og:description\" content=\"Participa en los Sony World Photography Awards 2025. Inscripci\u00f3n gratuita, nuevas categor\u00edas y premios. Env\u00eda tus fotos worldphoto.org.\" \/>\n<meta property=\"og:url\" content=\"https:\/\/ttt.com.bo\/?p=13827\" \/>\n<meta property=\"og:site_name\" content=\"True Tech Bolivia\" \/>\n<meta property=\"article:publisher\" content=\"https:\/\/www.facebook.com\/tioetruetech\/\" \/>\n<meta property=\"article:author\" content=\"https:\/\/www.facebook.com\/tiotruetech\" \/>\n<meta property=\"article:published_time\" content=\"2024-07-08T22:51:49+00:00\" \/>\n<meta property=\"article:modified_time\" content=\"2024-07-08T22:57:55+00:00\" \/>\n<meta property=\"og:image\" content=\"https:\/\/ttt.com.bo\/wp-content\/uploads\/2024\/07\/Sony-lanza-su-concurso-de-fotografia-2025.jpg\" \/>\n\t<meta property=\"og:image:width\" content=\"1350\" \/>\n\t<meta property=\"og:image:height\" content=\"650\" \/>\n\t<meta property=\"og:image:type\" content=\"image\/jpeg\" \/>\n<meta name=\"author\" content=\"Alvaro Reque\" \/>\n<meta name=\"twitter:card\" content=\"summary_large_image\" \/>\n<meta name=\"twitter:creator\" content=\"@tiotruetech\" \/>\n<meta name=\"twitter:site\" content=\"@tiotruetech\" \/>\n<meta name=\"twitter:label1\" content=\"Escrito por\" \/>\n\t<meta name=\"twitter:data1\" content=\"Alvaro Reque\" \/>\n\t<meta name=\"twitter:label2\" content=\"Tiempo de lectura\" \/>\n\t<meta name=\"twitter:data2\" content=\"2 minutos\" \/>\n<script type=\"application\/ld+json\" class=\"yoast-schema-graph\">{\"@context\":\"https:\\\/\\\/schema.org\",\"@graph\":[{\"@type\":\"Article\",\"@id\":\"https:\\\/\\\/ttt.com.bo\\\/?p=13827#article\",\"isPartOf\":{\"@id\":\"https:\\\/\\\/ttt.com.bo\\\/?p=13827\"},\"author\":{\"name\":\"Alvaro Reque\",\"@id\":\"https:\\\/\\\/ttt.com.bo\\\/#\\\/schema\\\/person\\\/d6be1d6940a590097f8b51cde1bbcd7b\"},\"headline\":\"Sony lanza su concurso de fotograf\u00eda 2025\",\"datePublished\":\"2024-07-08T22:51:49+00:00\",\"dateModified\":\"2024-07-08T22:57:55+00:00\",\"mainEntityOfPage\":{\"@id\":\"https:\\\/\\\/ttt.com.bo\\\/?p=13827\"},\"wordCount\":359,\"commentCount\":0,\"publisher\":{\"@id\":\"https:\\\/\\\/ttt.com.bo\\\/#organization\"},\"image\":{\"@id\":\"https:\\\/\\\/ttt.com.bo\\\/?p=13827#primaryimage\"},\"thumbnailUrl\":\"https:\\\/\\\/ttt.com.bo\\\/wp-content\\\/uploads\\\/2024\\\/07\\\/Sony-lanza-su-concurso-de-fotografia-2025.jpg\",\"articleSection\":[\"Blogs\",\"Empresas\"],\"inLanguage\":\"es\",\"potentialAction\":[{\"@type\":\"CommentAction\",\"name\":\"Comment\",\"target\":[\"https:\\\/\\\/ttt.com.bo\\\/?p=13827#respond\"]}]},{\"@type\":\"WebPage\",\"@id\":\"https:\\\/\\\/ttt.com.bo\\\/?p=13827\",\"url\":\"https:\\\/\\\/ttt.com.bo\\\/?p=13827\",\"name\":\"Sony lanza su concurso de fotograf\u00eda 2025 - True Tech Bolivia\",\"isPartOf\":{\"@id\":\"https:\\\/\\\/ttt.com.bo\\\/#website\"},\"primaryImageOfPage\":{\"@id\":\"https:\\\/\\\/ttt.com.bo\\\/?p=13827#primaryimage\"},\"image\":{\"@id\":\"https:\\\/\\\/ttt.com.bo\\\/?p=13827#primaryimage\"},\"thumbnailUrl\":\"https:\\\/\\\/ttt.com.bo\\\/wp-content\\\/uploads\\\/2024\\\/07\\\/Sony-lanza-su-concurso-de-fotografia-2025.jpg\",\"datePublished\":\"2024-07-08T22:51:49+00:00\",\"dateModified\":\"2024-07-08T22:57:55+00:00\",\"description\":\"Participa en los Sony World Photography Awards 2025. Inscripci\u00f3n gratuita, nuevas categor\u00edas y premios. Env\u00eda tus fotos worldphoto.org.\",\"breadcrumb\":{\"@id\":\"https:\\\/\\\/ttt.com.bo\\\/?p=13827#breadcrumb\"},\"inLanguage\":\"es\",\"potentialAction\":[{\"@type\":\"ReadAction\",\"target\":[\"https:\\\/\\\/ttt.com.bo\\\/?p=13827\"]}]},{\"@type\":\"ImageObject\",\"inLanguage\":\"es\",\"@id\":\"https:\\\/\\\/ttt.com.bo\\\/?p=13827#primaryimage\",\"url\":\"https:\\\/\\\/ttt.com.bo\\\/wp-content\\\/uploads\\\/2024\\\/07\\\/Sony-lanza-su-concurso-de-fotografia-2025.jpg\",\"contentUrl\":\"https:\\\/\\\/ttt.com.bo\\\/wp-content\\\/uploads\\\/2024\\\/07\\\/Sony-lanza-su-concurso-de-fotografia-2025.jpg\",\"width\":1350,\"height\":650},{\"@type\":\"BreadcrumbList\",\"@id\":\"https:\\\/\\\/ttt.com.bo\\\/?p=13827#breadcrumb\",\"itemListElement\":[{\"@type\":\"ListItem\",\"position\":1,\"name\":\"Portada\",\"item\":\"https:\\\/\\\/ttt.com.bo\\\/\"},{\"@type\":\"ListItem\",\"position\":2,\"name\":\"Sony lanza su concurso de fotograf\u00eda 2025\"}]},{\"@type\":\"WebSite\",\"@id\":\"https:\\\/\\\/ttt.com.bo\\\/#website\",\"url\":\"https:\\\/\\\/ttt.com.bo\\\/\",\"name\":\"True Tech Bolivia\",\"description\":\"Tecnolog\u00eda a tu alcance\",\"publisher\":{\"@id\":\"https:\\\/\\\/ttt.com.bo\\\/#organization\"},\"potentialAction\":[{\"@type\":\"SearchAction\",\"target\":{\"@type\":\"EntryPoint\",\"urlTemplate\":\"https:\\\/\\\/ttt.com.bo\\\/?s={search_term_string}\"},\"query-input\":{\"@type\":\"PropertyValueSpecification\",\"valueRequired\":true,\"valueName\":\"search_term_string\"}}],\"inLanguage\":\"es\"},{\"@type\":\"Organization\",\"@id\":\"https:\\\/\\\/ttt.com.bo\\\/#organization\",\"name\":\"The True Tech Bolivia\",\"url\":\"https:\\\/\\\/ttt.com.bo\\\/\",\"logo\":{\"@type\":\"ImageObject\",\"inLanguage\":\"es\",\"@id\":\"https:\\\/\\\/ttt.com.bo\\\/#\\\/schema\\\/logo\\\/image\\\/\",\"url\":\"https:\\\/\\\/ttt.com.bo\\\/wp-content\\\/uploads\\\/2020\\\/09\\\/LOGO-05.png\",\"contentUrl\":\"https:\\\/\\\/ttt.com.bo\\\/wp-content\\\/uploads\\\/2020\\\/09\\\/LOGO-05.png\",\"width\":1060,\"height\":1060,\"caption\":\"The True Tech Bolivia\"},\"image\":{\"@id\":\"https:\\\/\\\/ttt.com.bo\\\/#\\\/schema\\\/logo\\\/image\\\/\"},\"sameAs\":[\"https:\\\/\\\/www.facebook.com\\\/tioetruetech\\\/\",\"https:\\\/\\\/x.com\\\/tiotruetech\",\"https:\\\/\\\/www.instagram.com\\\/tioetruetech\\\/\",\"https:\\\/\\\/www.youtube.com\\\/channel\\\/UCgTkcGccJ5oZANJnDq0TWwQ\\\/videos\"]},{\"@type\":\"Person\",\"@id\":\"https:\\\/\\\/ttt.com.bo\\\/#\\\/schema\\\/person\\\/d6be1d6940a590097f8b51cde1bbcd7b\",\"name\":\"Alvaro Reque\",\"image\":{\"@type\":\"ImageObject\",\"inLanguage\":\"es\",\"@id\":\"https:\\\/\\\/secure.gravatar.com\\\/avatar\\\/22d2cfbd98574977e0211a740a5f37cee50d36cd6d2863241551f9b82cd490cf?s=96&d=mm&r=g\",\"url\":\"https:\\\/\\\/secure.gravatar.com\\\/avatar\\\/22d2cfbd98574977e0211a740a5f37cee50d36cd6d2863241551f9b82cd490cf?s=96&d=mm&r=g\",\"contentUrl\":\"https:\\\/\\\/secure.gravatar.com\\\/avatar\\\/22d2cfbd98574977e0211a740a5f37cee50d36cd6d2863241551f9b82cd490cf?s=96&d=mm&r=g\",\"caption\":\"Alvaro Reque\"},\"description\":\"Pionero en el an\u00e1lisis de dispositivos digitales en Bolivia , tecn\u00f3filo y amante de la innovaci\u00f3n. Ent\u00e9rate conmigo las \u00faltimas noticias y tendencias del mercado digital.\",\"sameAs\":[\"https:\\\/\\\/www.facebook.com\\\/tiotruetech\"],\"url\":\"https:\\\/\\\/ttt.com.bo\\\/?author=1\"}]}<\/script>\n<!-- \/ Yoast SEO plugin. -->","yoast_head_json":{"title":"Sony lanza su concurso de fotograf\u00eda 2025 - True Tech Bolivia","description":"Participa en los Sony World Photography Awards 2025. Inscripci\u00f3n gratuita, nuevas categor\u00edas y premios. Env\u00eda tus fotos worldphoto.org.","robots":{"index":"index","follow":"follow","max-snippet":"max-snippet:-1","max-image-preview":"max-image-preview:large","max-video-preview":"max-video-preview:-1"},"canonical":"https:\/\/ttt.com.bo\/?p=13827","og_locale":"es_ES","og_type":"article","og_title":"Sony lanza su concurso de fotograf\u00eda 2025 - True Tech Bolivia","og_description":"Participa en los Sony World Photography Awards 2025. Inscripci\u00f3n gratuita, nuevas categor\u00edas y premios. Env\u00eda tus fotos worldphoto.org.","og_url":"https:\/\/ttt.com.bo\/?p=13827","og_site_name":"True Tech Bolivia","article_publisher":"https:\/\/www.facebook.com\/tioetruetech\/","article_author":"https:\/\/www.facebook.com\/tiotruetech","article_published_time":"2024-07-08T22:51:49+00:00","article_modified_time":"2024-07-08T22:57:55+00:00","og_image":[{"width":1350,"height":650,"url":"https:\/\/ttt.com.bo\/wp-content\/uploads\/2024\/07\/Sony-lanza-su-concurso-de-fotografia-2025.jpg","type":"image\/jpeg"}],"author":"Alvaro Reque","twitter_card":"summary_large_image","twitter_creator":"@tiotruetech","twitter_site":"@tiotruetech","twitter_misc":{"Escrito por":"Alvaro Reque","Tiempo de lectura":"2 minutos"},"schema":{"@context":"https:\/\/schema.org","@graph":[{"@type":"Article","@id":"https:\/\/ttt.com.bo\/?p=13827#article","isPartOf":{"@id":"https:\/\/ttt.com.bo\/?p=13827"},"author":{"name":"Alvaro Reque","@id":"https:\/\/ttt.com.bo\/#\/schema\/person\/d6be1d6940a590097f8b51cde1bbcd7b"},"headline":"Sony lanza su concurso de fotograf\u00eda 2025","datePublished":"2024-07-08T22:51:49+00:00","dateModified":"2024-07-08T22:57:55+00:00","mainEntityOfPage":{"@id":"https:\/\/ttt.com.bo\/?p=13827"},"wordCount":359,"commentCount":0,"publisher":{"@id":"https:\/\/ttt.com.bo\/#organization"},"image":{"@id":"https:\/\/ttt.com.bo\/?p=13827#primaryimage"},"thumbnailUrl":"https:\/\/ttt.com.bo\/wp-content\/uploads\/2024\/07\/Sony-lanza-su-concurso-de-fotografia-2025.jpg","articleSection":["Blogs","Empresas"],"inLanguage":"es","potentialAction":[{"@type":"CommentAction","name":"Comment","target":["https:\/\/ttt.com.bo\/?p=13827#respond"]}]},{"@type":"WebPage","@id":"https:\/\/ttt.com.bo\/?p=13827","url":"https:\/\/ttt.com.bo\/?p=13827","name":"Sony lanza su concurso de fotograf\u00eda 2025 - True Tech Bolivia","isPartOf":{"@id":"https:\/\/ttt.com.bo\/#website"},"primaryImageOfPage":{"@id":"https:\/\/ttt.com.bo\/?p=13827#primaryimage"},"image":{"@id":"https:\/\/ttt.com.bo\/?p=13827#primaryimage"},"thumbnailUrl":"https:\/\/ttt.com.bo\/wp-content\/uploads\/2024\/07\/Sony-lanza-su-concurso-de-fotografia-2025.jpg","datePublished":"2024-07-08T22:51:49+00:00","dateModified":"2024-07-08T22:57:55+00:00","description":"Participa en los Sony World Photography Awards 2025. Inscripci\u00f3n gratuita, nuevas categor\u00edas y premios. Env\u00eda tus fotos worldphoto.org.","breadcrumb":{"@id":"https:\/\/ttt.com.bo\/?p=13827#breadcrumb"},"inLanguage":"es","potentialAction":[{"@type":"ReadAction","target":["https:\/\/ttt.com.bo\/?p=13827"]}]},{"@type":"ImageObject","inLanguage":"es","@id":"https:\/\/ttt.com.bo\/?p=13827#primaryimage","url":"https:\/\/ttt.com.bo\/wp-content\/uploads\/2024\/07\/Sony-lanza-su-concurso-de-fotografia-2025.jpg","contentUrl":"https:\/\/ttt.com.bo\/wp-content\/uploads\/2024\/07\/Sony-lanza-su-concurso-de-fotografia-2025.jpg","width":1350,"height":650},{"@type":"BreadcrumbList","@id":"https:\/\/ttt.com.bo\/?p=13827#breadcrumb","itemListElement":[{"@type":"ListItem","position":1,"name":"Portada","item":"https:\/\/ttt.com.bo\/"},{"@type":"ListItem","position":2,"name":"Sony lanza su concurso de fotograf\u00eda 2025"}]},{"@type":"WebSite","@id":"https:\/\/ttt.com.bo\/#website","url":"https:\/\/ttt.com.bo\/","name":"True Tech Bolivia","description":"Tecnolog\u00eda a tu alcance","publisher":{"@id":"https:\/\/ttt.com.bo\/#organization"},"potentialAction":[{"@type":"SearchAction","target":{"@type":"EntryPoint","urlTemplate":"https:\/\/ttt.com.bo\/?s={search_term_string}"},"query-input":{"@type":"PropertyValueSpecification","valueRequired":true,"valueName":"search_term_string"}}],"inLanguage":"es"},{"@type":"Organization","@id":"https:\/\/ttt.com.bo\/#organization","name":"The True Tech Bolivia","url":"https:\/\/ttt.com.bo\/","logo":{"@type":"ImageObject","inLanguage":"es","@id":"https:\/\/ttt.com.bo\/#\/schema\/logo\/image\/","url":"https:\/\/ttt.com.bo\/wp-content\/uploads\/2020\/09\/LOGO-05.png","contentUrl":"https:\/\/ttt.com.bo\/wp-content\/uploads\/2020\/09\/LOGO-05.png","width":1060,"height":1060,"caption":"The True Tech Bolivia"},"image":{"@id":"https:\/\/ttt.com.bo\/#\/schema\/logo\/image\/"},"sameAs":["https:\/\/www.facebook.com\/tioetruetech\/","https:\/\/x.com\/tiotruetech","https:\/\/www.instagram.com\/tioetruetech\/","https:\/\/www.youtube.com\/channel\/UCgTkcGccJ5oZANJnDq0TWwQ\/videos"]},{"@type":"Person","@id":"https:\/\/ttt.com.bo\/#\/schema\/person\/d6be1d6940a590097f8b51cde1bbcd7b","name":"Alvaro Reque","image":{"@type":"ImageObject","inLanguage":"es","@id":"https:\/\/secure.gravatar.com\/avatar\/22d2cfbd98574977e0211a740a5f37cee50d36cd6d2863241551f9b82cd490cf?s=96&d=mm&r=g","url":"https:\/\/secure.gravatar.com\/avatar\/22d2cfbd98574977e0211a740a5f37cee50d36cd6d2863241551f9b82cd490cf?s=96&d=mm&r=g","contentUrl":"https:\/\/secure.gravatar.com\/avatar\/22d2cfbd98574977e0211a740a5f37cee50d36cd6d2863241551f9b82cd490cf?s=96&d=mm&r=g","caption":"Alvaro Reque"},"description":"Pionero en el an\u00e1lisis de dispositivos digitales en Bolivia , tecn\u00f3filo y amante de la innovaci\u00f3n. Ent\u00e9rate conmigo las \u00faltimas noticias y tendencias del mercado digital.","sameAs":["https:\/\/www.facebook.com\/tiotruetech"],"url":"https:\/\/ttt.com.bo\/?author=1"}]}},"_links":{"self":[{"href":"https:\/\/ttt.com.bo\/index.php?rest_route=\/wp\/v2\/posts\/13827","targetHints":{"allow":["GET"]}}],"collection":[{"href":"https:\/\/ttt.com.bo\/index.php?rest_route=\/wp\/v2\/posts"}],"about":[{"href":"https:\/\/ttt.com.bo\/index.php?rest_route=\/wp\/v2\/types\/post"}],"author":[{"embeddable":true,"href":"https:\/\/ttt.com.bo\/index.php?rest_route=\/wp\/v2\/users\/1"}],"replies":[{"embeddable":true,"href":"https:\/\/ttt.com.bo\/index.php?rest_route=%2Fwp%2Fv2%2Fcomments&post=13827"}],"version-history":[{"count":3,"href":"https:\/\/ttt.com.bo\/index.php?rest_route=\/wp\/v2\/posts\/13827\/revisions"}],"predecessor-version":[{"id":13837,"href":"https:\/\/ttt.com.bo\/index.php?rest_route=\/wp\/v2\/posts\/13827\/revisions\/13837"}],"wp:featuredmedia":[{"embeddable":true,"href":"https:\/\/ttt.com.bo\/index.php?rest_route=\/wp\/v2\/media\/13830"}],"wp:attachment":[{"href":"https:\/\/ttt.com.bo\/index.php?rest_route=%2Fwp%2Fv2%2Fmedia&parent=13827"}],"wp:term":[{"taxonomy":"category","embeddable":true,"href":"https:\/\/ttt.com.bo\/index.php?rest_route=%2Fwp%2Fv2%2Fcategories&post=13827"},{"taxonomy":"post_tag","embeddable":true,"href":"https:\/\/ttt.com.bo\/index.php?rest_route=%2Fwp%2Fv2%2Ftags&post=13827"}],"curies":[{"name":"wp","href":"https:\/\/api.w.org\/{rel}","templated":true}]}}