{"id":13702,"date":"2024-06-06T19:17:23","date_gmt":"2024-06-06T23:17:23","guid":{"rendered":"https:\/\/ttt.com.bo\/?p=13702"},"modified":"2024-06-06T19:17:33","modified_gmt":"2024-06-06T23:17:33","slug":"wwdc-2024-evento-apple","status":"publish","type":"post","link":"https:\/\/ttt.com.bo\/?p=13702","title":{"rendered":"WWDC 2024: todo lo que debes saber sobre el evento de Apple"},"content":{"rendered":"\n<p>La inteligencia artificial (IA) ser\u00e1 el foco principal en la WWDC 2024 de Apple, donde se anticipa que se presentar\u00e1n nuevas versiones de Siri y funciones mejoradas en iOS 18. Aunque no se esperan nuevos dispositivos, el evento promete ser significativo para la estrategia de IA de la compa\u00f1\u00eda norteamericana.<\/p>\n\n\n\n<p>Tim Cook, CEO de Apple, destac\u00f3 recientemente la importancia de la IA generativa, al mismo tiempo que adelant\u00f3 que WWDC 2024 revelar\u00e1 c\u00f3mo la empresa <a href=\"https:\/\/ttt.com.bo\/inteligencia-artificial-apple\/\">planea integrar esta tecnolog\u00eda<\/a> en su ecosistema. Se prev\u00e9 que se incorporar\u00e1 en una nueva versi\u00f3n de Siri y en iOS 18, adem\u00e1s de actualizaciones para macOS, iPadOS, watchOS, visionOS y tvOS.<\/p>\n\n\n\n<h2 class=\"wp-block-heading\">Alianza con OpenAI, \u00bfLa novedad del a\u00f1o?<\/h2>\n\n\n\n<p>Uno de los anuncios m\u00e1s esperados es una posible alianza con OpenAI. Informes indican que Apple ha probado la API de ChatGPT para mejorar Siri y que se anunciar\u00eda una colaboraci\u00f3n formal en la conferencia. Tambi\u00e9n hay rumores de negociaciones con Google para utilizar su modelo de lenguaje Gemini en iOS 18, aunque estas alianzas ser\u00edan temporales.<\/p>\n\n\n\n<p>Cabe destacar que la compa\u00f1\u00eda avanz\u00f3 en su propia tecnolog\u00eda de IA y, de hecho, present\u00f3 algoritmos como MLX y MM1, junto con un sistema de edici\u00f3n de im\u00e1genes llamado MGIE. Estas tecnolog\u00edas, junto con la IA de terceros, se integrar\u00edan en Siri, lo que implicar\u00eda la mayor actualizaci\u00f3n en la historia del asistente de voz. Esta ser\u00eda m\u00e1s interoperable entre dispositivos y algunas funciones ser\u00edan exclusivas para suscriptores de Apple One.<\/p>\n\n\n\n<p>Asimismo, la nueva versi\u00f3n de Siri, impulsada por un avanzado algoritmo de IA, contar\u00eda con la capacidad de generar m\u00faltiples funciones de una app y automatizar tareas seg\u00fan el comportamiento del usuario. Su lanzamiento tendr\u00eda lugar en 2025 y ser\u00eda lo m\u00e1s relevante del sistema operativo actualizado.<\/p>\n\n\n\n<h2 class=\"wp-block-heading\">\u00bfQu\u00e9 se sabe sobre iOS 18?<\/h2>\n\n\n\n<p>Se espera que iOS 18 mantenga la esencia caracter\u00edsticas de Apple, pero con optimizaciones en productividad, entretenimiento y multimedia, con herramientas de IA integradas en aplicaciones como Safari, Fotos y Notas.&nbsp;<\/p>\n\n\n\n<p>A su vez, estas funciones se ejecutar\u00e1n en el dispositivo, pero podr\u00edan utilizar la nube si se requiere m\u00e1s potencia. Las mejoras tambi\u00e9n se aplicar\u00e1n a macOS y iPadOS, junto con actualizaciones menores para watchOS 11, visionOS 2 y tvOS 18.<\/p>\n\n\n\n<p>Finalmente, aunque no habr\u00e1 nuevos dispositivos en esta conferencia, Applesfera sugiere que podr\u00edan anunciarse futuros modelos de Mac con chips de la familia M3. De todos modos, Mark Gurman de Bloomberg descarta la posibilidad de lanzamientos de hardware en la WWDC 2024.<\/p>\n\n\n\n<p>Lo cierto es que todas las dudas y misterios se revelar\u00e1n en WWDC 2024. El evento se celebrar\u00e1 del 10 al 14 de junio, a partir de las 11 (hora de M\u00e9xico). Se podr\u00e1 seguir desde el sitio web oficial de Apple y en su canal de YouTube.<\/p>\n","protected":false},"excerpt":{"rendered":"<p>La inteligencia artificial (IA) ser\u00e1 el foco principal en la WWDC 2024 de Apple, donde se anticipa que se presentar\u00e1n nuevas versiones de Siri y funciones mejoradas en iOS 18. Aunque no se esperan nuevos&#8230;<\/p>\n","protected":false},"author":12,"featured_media":13703,"comment_status":"open","ping_status":"closed","sticky":false,"template":"","format":"standard","meta":{"footnotes":""},"categories":[48],"tags":[],"class_list":["post-13702","post","type-post","status-publish","format-standard","has-post-thumbnail","hentry","category-apple"],"yoast_head":"<!-- This site is optimized with the Yoast SEO plugin v27.5 - https:\/\/yoast.com\/product\/yoast-seo-wordpress\/ -->\n<title>WWDC 2024: todo lo que debes saber sobre el evento de Apple<\/title>\n<meta name=\"description\" content=\"WWDC 2024 ser\u00e1 la nueva edici\u00f3n del evento de Apple que se llevar\u00e1 a cabo a partir del lunes. A qu\u00e9 hora, c\u00f3mo verlo, novedades y m\u00e1s\" \/>\n<meta name=\"robots\" content=\"index, follow, max-snippet:-1, max-image-preview:large, max-video-preview:-1\" \/>\n<link rel=\"canonical\" href=\"https:\/\/ttt.com.bo\/?p=13702\" \/>\n<meta property=\"og:locale\" content=\"es_ES\" \/>\n<meta property=\"og:type\" content=\"article\" \/>\n<meta property=\"og:title\" content=\"WWDC 2024: todo lo que debes saber sobre el evento de Apple\" \/>\n<meta property=\"og:description\" content=\"WWDC 2024 ser\u00e1 la nueva edici\u00f3n del evento de Apple que se llevar\u00e1 a cabo a partir del lunes. A qu\u00e9 hora, c\u00f3mo verlo, novedades y m\u00e1s\" \/>\n<meta property=\"og:url\" content=\"https:\/\/ttt.com.bo\/?p=13702\" \/>\n<meta property=\"og:site_name\" content=\"True Tech Bolivia\" \/>\n<meta property=\"article:publisher\" content=\"https:\/\/www.facebook.com\/tioetruetech\/\" \/>\n<meta property=\"article:published_time\" content=\"2024-06-06T23:17:23+00:00\" \/>\n<meta property=\"article:modified_time\" content=\"2024-06-06T23:17:33+00:00\" \/>\n<meta property=\"og:image\" content=\"https:\/\/ttt.com.bo\/wp-content\/uploads\/2024\/06\/WWDC-2024-evento-de-Apple.jpg\" \/>\n\t<meta property=\"og:image:width\" content=\"1350\" \/>\n\t<meta property=\"og:image:height\" content=\"650\" \/>\n\t<meta property=\"og:image:type\" content=\"image\/jpeg\" \/>\n<meta name=\"author\" content=\"Kevin Kupfreberg\" \/>\n<meta name=\"twitter:card\" content=\"summary_large_image\" \/>\n<meta name=\"twitter:creator\" content=\"@tiotruetech\" \/>\n<meta name=\"twitter:site\" content=\"@tiotruetech\" \/>\n<meta name=\"twitter:label1\" content=\"Escrito por\" \/>\n\t<meta name=\"twitter:data1\" content=\"Kevin Kupfreberg\" \/>\n\t<meta name=\"twitter:label2\" content=\"Tiempo de lectura\" \/>\n\t<meta name=\"twitter:data2\" content=\"3 minutos\" \/>\n<script type=\"application\/ld+json\" class=\"yoast-schema-graph\">{\"@context\":\"https:\\\/\\\/schema.org\",\"@graph\":[{\"@type\":\"Article\",\"@id\":\"https:\\\/\\\/ttt.com.bo\\\/?p=13702#article\",\"isPartOf\":{\"@id\":\"https:\\\/\\\/ttt.com.bo\\\/?p=13702\"},\"author\":{\"name\":\"Kevin Kupfreberg\",\"@id\":\"https:\\\/\\\/ttt.com.bo\\\/#\\\/schema\\\/person\\\/bffaa4669cb827e4132b78c4b9f72cc3\"},\"headline\":\"WWDC 2024: todo lo que debes saber sobre el evento de Apple\",\"datePublished\":\"2024-06-06T23:17:23+00:00\",\"dateModified\":\"2024-06-06T23:17:33+00:00\",\"mainEntityOfPage\":{\"@id\":\"https:\\\/\\\/ttt.com.bo\\\/?p=13702\"},\"wordCount\":493,\"commentCount\":0,\"publisher\":{\"@id\":\"https:\\\/\\\/ttt.com.bo\\\/#organization\"},\"image\":{\"@id\":\"https:\\\/\\\/ttt.com.bo\\\/?p=13702#primaryimage\"},\"thumbnailUrl\":\"https:\\\/\\\/ttt.com.bo\\\/wp-content\\\/uploads\\\/2024\\\/06\\\/WWDC-2024-evento-de-Apple.jpg\",\"articleSection\":[\"Apple\"],\"inLanguage\":\"es\",\"potentialAction\":[{\"@type\":\"CommentAction\",\"name\":\"Comment\",\"target\":[\"https:\\\/\\\/ttt.com.bo\\\/?p=13702#respond\"]}]},{\"@type\":\"WebPage\",\"@id\":\"https:\\\/\\\/ttt.com.bo\\\/?p=13702\",\"url\":\"https:\\\/\\\/ttt.com.bo\\\/?p=13702\",\"name\":\"WWDC 2024: todo lo que debes saber sobre el evento de Apple\",\"isPartOf\":{\"@id\":\"https:\\\/\\\/ttt.com.bo\\\/#website\"},\"primaryImageOfPage\":{\"@id\":\"https:\\\/\\\/ttt.com.bo\\\/?p=13702#primaryimage\"},\"image\":{\"@id\":\"https:\\\/\\\/ttt.com.bo\\\/?p=13702#primaryimage\"},\"thumbnailUrl\":\"https:\\\/\\\/ttt.com.bo\\\/wp-content\\\/uploads\\\/2024\\\/06\\\/WWDC-2024-evento-de-Apple.jpg\",\"datePublished\":\"2024-06-06T23:17:23+00:00\",\"dateModified\":\"2024-06-06T23:17:33+00:00\",\"description\":\"WWDC 2024 ser\u00e1 la nueva edici\u00f3n del evento de Apple que se llevar\u00e1 a cabo a partir del lunes. A qu\u00e9 hora, c\u00f3mo verlo, novedades y m\u00e1s\",\"breadcrumb\":{\"@id\":\"https:\\\/\\\/ttt.com.bo\\\/?p=13702#breadcrumb\"},\"inLanguage\":\"es\",\"potentialAction\":[{\"@type\":\"ReadAction\",\"target\":[\"https:\\\/\\\/ttt.com.bo\\\/?p=13702\"]}]},{\"@type\":\"ImageObject\",\"inLanguage\":\"es\",\"@id\":\"https:\\\/\\\/ttt.com.bo\\\/?p=13702#primaryimage\",\"url\":\"https:\\\/\\\/ttt.com.bo\\\/wp-content\\\/uploads\\\/2024\\\/06\\\/WWDC-2024-evento-de-Apple.jpg\",\"contentUrl\":\"https:\\\/\\\/ttt.com.bo\\\/wp-content\\\/uploads\\\/2024\\\/06\\\/WWDC-2024-evento-de-Apple.jpg\",\"width\":1350,\"height\":650,\"caption\":\"Todos los detalles sobre WWDC 2024\"},{\"@type\":\"BreadcrumbList\",\"@id\":\"https:\\\/\\\/ttt.com.bo\\\/?p=13702#breadcrumb\",\"itemListElement\":[{\"@type\":\"ListItem\",\"position\":1,\"name\":\"Portada\",\"item\":\"https:\\\/\\\/ttt.com.bo\\\/\"},{\"@type\":\"ListItem\",\"position\":2,\"name\":\"WWDC 2024: todo lo que debes saber sobre el evento de Apple\"}]},{\"@type\":\"WebSite\",\"@id\":\"https:\\\/\\\/ttt.com.bo\\\/#website\",\"url\":\"https:\\\/\\\/ttt.com.bo\\\/\",\"name\":\"True Tech Bolivia\",\"description\":\"Tecnolog\u00eda a tu alcance\",\"publisher\":{\"@id\":\"https:\\\/\\\/ttt.com.bo\\\/#organization\"},\"potentialAction\":[{\"@type\":\"SearchAction\",\"target\":{\"@type\":\"EntryPoint\",\"urlTemplate\":\"https:\\\/\\\/ttt.com.bo\\\/?s={search_term_string}\"},\"query-input\":{\"@type\":\"PropertyValueSpecification\",\"valueRequired\":true,\"valueName\":\"search_term_string\"}}],\"inLanguage\":\"es\"},{\"@type\":\"Organization\",\"@id\":\"https:\\\/\\\/ttt.com.bo\\\/#organization\",\"name\":\"The True Tech Bolivia\",\"url\":\"https:\\\/\\\/ttt.com.bo\\\/\",\"logo\":{\"@type\":\"ImageObject\",\"inLanguage\":\"es\",\"@id\":\"https:\\\/\\\/ttt.com.bo\\\/#\\\/schema\\\/logo\\\/image\\\/\",\"url\":\"https:\\\/\\\/ttt.com.bo\\\/wp-content\\\/uploads\\\/2020\\\/09\\\/LOGO-05.png\",\"contentUrl\":\"https:\\\/\\\/ttt.com.bo\\\/wp-content\\\/uploads\\\/2020\\\/09\\\/LOGO-05.png\",\"width\":1060,\"height\":1060,\"caption\":\"The True Tech Bolivia\"},\"image\":{\"@id\":\"https:\\\/\\\/ttt.com.bo\\\/#\\\/schema\\\/logo\\\/image\\\/\"},\"sameAs\":[\"https:\\\/\\\/www.facebook.com\\\/tioetruetech\\\/\",\"https:\\\/\\\/x.com\\\/tiotruetech\",\"https:\\\/\\\/www.instagram.com\\\/tioetruetech\\\/\",\"https:\\\/\\\/www.youtube.com\\\/channel\\\/UCgTkcGccJ5oZANJnDq0TWwQ\\\/videos\"]},{\"@type\":\"Person\",\"@id\":\"https:\\\/\\\/ttt.com.bo\\\/#\\\/schema\\\/person\\\/bffaa4669cb827e4132b78c4b9f72cc3\",\"name\":\"Kevin Kupfreberg\",\"image\":{\"@type\":\"ImageObject\",\"inLanguage\":\"es\",\"@id\":\"https:\\\/\\\/secure.gravatar.com\\\/avatar\\\/c6a0ea5d924212ef8110ed98bace664174890199855ab2aeadd7ca0363cc67ff?s=96&d=mm&r=g\",\"url\":\"https:\\\/\\\/secure.gravatar.com\\\/avatar\\\/c6a0ea5d924212ef8110ed98bace664174890199855ab2aeadd7ca0363cc67ff?s=96&d=mm&r=g\",\"contentUrl\":\"https:\\\/\\\/secure.gravatar.com\\\/avatar\\\/c6a0ea5d924212ef8110ed98bace664174890199855ab2aeadd7ca0363cc67ff?s=96&d=mm&r=g\",\"caption\":\"Kevin Kupfreberg\"},\"description\":\"Periodista, comunicador social y especialista en SEO y marketing digital. Me apasiona escribir sobre diferentes temas, nichos, plataformas y tipos de p\u00fablicos. As\u00ed he trabajado en m\u00faltiples sitios web, tiendas ecommerce y blogs para cumplir con los requerimientos tanto del buyer persona como del cliente\",\"url\":\"https:\\\/\\\/ttt.com.bo\\\/?author=12\"}]}<\/script>\n<!-- \/ Yoast SEO plugin. -->","yoast_head_json":{"title":"WWDC 2024: todo lo que debes saber sobre el evento de Apple","description":"WWDC 2024 ser\u00e1 la nueva edici\u00f3n del evento de Apple que se llevar\u00e1 a cabo a partir del lunes. A qu\u00e9 hora, c\u00f3mo verlo, novedades y m\u00e1s","robots":{"index":"index","follow":"follow","max-snippet":"max-snippet:-1","max-image-preview":"max-image-preview:large","max-video-preview":"max-video-preview:-1"},"canonical":"https:\/\/ttt.com.bo\/?p=13702","og_locale":"es_ES","og_type":"article","og_title":"WWDC 2024: todo lo que debes saber sobre el evento de Apple","og_description":"WWDC 2024 ser\u00e1 la nueva edici\u00f3n del evento de Apple que se llevar\u00e1 a cabo a partir del lunes. A qu\u00e9 hora, c\u00f3mo verlo, novedades y m\u00e1s","og_url":"https:\/\/ttt.com.bo\/?p=13702","og_site_name":"True Tech Bolivia","article_publisher":"https:\/\/www.facebook.com\/tioetruetech\/","article_published_time":"2024-06-06T23:17:23+00:00","article_modified_time":"2024-06-06T23:17:33+00:00","og_image":[{"width":1350,"height":650,"url":"https:\/\/ttt.com.bo\/wp-content\/uploads\/2024\/06\/WWDC-2024-evento-de-Apple.jpg","type":"image\/jpeg"}],"author":"Kevin Kupfreberg","twitter_card":"summary_large_image","twitter_creator":"@tiotruetech","twitter_site":"@tiotruetech","twitter_misc":{"Escrito por":"Kevin Kupfreberg","Tiempo de lectura":"3 minutos"},"schema":{"@context":"https:\/\/schema.org","@graph":[{"@type":"Article","@id":"https:\/\/ttt.com.bo\/?p=13702#article","isPartOf":{"@id":"https:\/\/ttt.com.bo\/?p=13702"},"author":{"name":"Kevin Kupfreberg","@id":"https:\/\/ttt.com.bo\/#\/schema\/person\/bffaa4669cb827e4132b78c4b9f72cc3"},"headline":"WWDC 2024: todo lo que debes saber sobre el evento de Apple","datePublished":"2024-06-06T23:17:23+00:00","dateModified":"2024-06-06T23:17:33+00:00","mainEntityOfPage":{"@id":"https:\/\/ttt.com.bo\/?p=13702"},"wordCount":493,"commentCount":0,"publisher":{"@id":"https:\/\/ttt.com.bo\/#organization"},"image":{"@id":"https:\/\/ttt.com.bo\/?p=13702#primaryimage"},"thumbnailUrl":"https:\/\/ttt.com.bo\/wp-content\/uploads\/2024\/06\/WWDC-2024-evento-de-Apple.jpg","articleSection":["Apple"],"inLanguage":"es","potentialAction":[{"@type":"CommentAction","name":"Comment","target":["https:\/\/ttt.com.bo\/?p=13702#respond"]}]},{"@type":"WebPage","@id":"https:\/\/ttt.com.bo\/?p=13702","url":"https:\/\/ttt.com.bo\/?p=13702","name":"WWDC 2024: todo lo que debes saber sobre el evento de Apple","isPartOf":{"@id":"https:\/\/ttt.com.bo\/#website"},"primaryImageOfPage":{"@id":"https:\/\/ttt.com.bo\/?p=13702#primaryimage"},"image":{"@id":"https:\/\/ttt.com.bo\/?p=13702#primaryimage"},"thumbnailUrl":"https:\/\/ttt.com.bo\/wp-content\/uploads\/2024\/06\/WWDC-2024-evento-de-Apple.jpg","datePublished":"2024-06-06T23:17:23+00:00","dateModified":"2024-06-06T23:17:33+00:00","description":"WWDC 2024 ser\u00e1 la nueva edici\u00f3n del evento de Apple que se llevar\u00e1 a cabo a partir del lunes. A qu\u00e9 hora, c\u00f3mo verlo, novedades y m\u00e1s","breadcrumb":{"@id":"https:\/\/ttt.com.bo\/?p=13702#breadcrumb"},"inLanguage":"es","potentialAction":[{"@type":"ReadAction","target":["https:\/\/ttt.com.bo\/?p=13702"]}]},{"@type":"ImageObject","inLanguage":"es","@id":"https:\/\/ttt.com.bo\/?p=13702#primaryimage","url":"https:\/\/ttt.com.bo\/wp-content\/uploads\/2024\/06\/WWDC-2024-evento-de-Apple.jpg","contentUrl":"https:\/\/ttt.com.bo\/wp-content\/uploads\/2024\/06\/WWDC-2024-evento-de-Apple.jpg","width":1350,"height":650,"caption":"Todos los detalles sobre WWDC 2024"},{"@type":"BreadcrumbList","@id":"https:\/\/ttt.com.bo\/?p=13702#breadcrumb","itemListElement":[{"@type":"ListItem","position":1,"name":"Portada","item":"https:\/\/ttt.com.bo\/"},{"@type":"ListItem","position":2,"name":"WWDC 2024: todo lo que debes saber sobre el evento de Apple"}]},{"@type":"WebSite","@id":"https:\/\/ttt.com.bo\/#website","url":"https:\/\/ttt.com.bo\/","name":"True Tech Bolivia","description":"Tecnolog\u00eda a tu alcance","publisher":{"@id":"https:\/\/ttt.com.bo\/#organization"},"potentialAction":[{"@type":"SearchAction","target":{"@type":"EntryPoint","urlTemplate":"https:\/\/ttt.com.bo\/?s={search_term_string}"},"query-input":{"@type":"PropertyValueSpecification","valueRequired":true,"valueName":"search_term_string"}}],"inLanguage":"es"},{"@type":"Organization","@id":"https:\/\/ttt.com.bo\/#organization","name":"The True Tech Bolivia","url":"https:\/\/ttt.com.bo\/","logo":{"@type":"ImageObject","inLanguage":"es","@id":"https:\/\/ttt.com.bo\/#\/schema\/logo\/image\/","url":"https:\/\/ttt.com.bo\/wp-content\/uploads\/2020\/09\/LOGO-05.png","contentUrl":"https:\/\/ttt.com.bo\/wp-content\/uploads\/2020\/09\/LOGO-05.png","width":1060,"height":1060,"caption":"The True Tech Bolivia"},"image":{"@id":"https:\/\/ttt.com.bo\/#\/schema\/logo\/image\/"},"sameAs":["https:\/\/www.facebook.com\/tioetruetech\/","https:\/\/x.com\/tiotruetech","https:\/\/www.instagram.com\/tioetruetech\/","https:\/\/www.youtube.com\/channel\/UCgTkcGccJ5oZANJnDq0TWwQ\/videos"]},{"@type":"Person","@id":"https:\/\/ttt.com.bo\/#\/schema\/person\/bffaa4669cb827e4132b78c4b9f72cc3","name":"Kevin Kupfreberg","image":{"@type":"ImageObject","inLanguage":"es","@id":"https:\/\/secure.gravatar.com\/avatar\/c6a0ea5d924212ef8110ed98bace664174890199855ab2aeadd7ca0363cc67ff?s=96&d=mm&r=g","url":"https:\/\/secure.gravatar.com\/avatar\/c6a0ea5d924212ef8110ed98bace664174890199855ab2aeadd7ca0363cc67ff?s=96&d=mm&r=g","contentUrl":"https:\/\/secure.gravatar.com\/avatar\/c6a0ea5d924212ef8110ed98bace664174890199855ab2aeadd7ca0363cc67ff?s=96&d=mm&r=g","caption":"Kevin Kupfreberg"},"description":"Periodista, comunicador social y especialista en SEO y marketing digital. Me apasiona escribir sobre diferentes temas, nichos, plataformas y tipos de p\u00fablicos. As\u00ed he trabajado en m\u00faltiples sitios web, tiendas ecommerce y blogs para cumplir con los requerimientos tanto del buyer persona como del cliente","url":"https:\/\/ttt.com.bo\/?author=12"}]}},"_links":{"self":[{"href":"https:\/\/ttt.com.bo\/index.php?rest_route=\/wp\/v2\/posts\/13702","targetHints":{"allow":["GET"]}}],"collection":[{"href":"https:\/\/ttt.com.bo\/index.php?rest_route=\/wp\/v2\/posts"}],"about":[{"href":"https:\/\/ttt.com.bo\/index.php?rest_route=\/wp\/v2\/types\/post"}],"author":[{"embeddable":true,"href":"https:\/\/ttt.com.bo\/index.php?rest_route=\/wp\/v2\/users\/12"}],"replies":[{"embeddable":true,"href":"https:\/\/ttt.com.bo\/index.php?rest_route=%2Fwp%2Fv2%2Fcomments&post=13702"}],"version-history":[{"count":1,"href":"https:\/\/ttt.com.bo\/index.php?rest_route=\/wp\/v2\/posts\/13702\/revisions"}],"predecessor-version":[{"id":13707,"href":"https:\/\/ttt.com.bo\/index.php?rest_route=\/wp\/v2\/posts\/13702\/revisions\/13707"}],"wp:featuredmedia":[{"embeddable":true,"href":"https:\/\/ttt.com.bo\/index.php?rest_route=\/wp\/v2\/media\/13703"}],"wp:attachment":[{"href":"https:\/\/ttt.com.bo\/index.php?rest_route=%2Fwp%2Fv2%2Fmedia&parent=13702"}],"wp:term":[{"taxonomy":"category","embeddable":true,"href":"https:\/\/ttt.com.bo\/index.php?rest_route=%2Fwp%2Fv2%2Fcategories&post=13702"},{"taxonomy":"post_tag","embeddable":true,"href":"https:\/\/ttt.com.bo\/index.php?rest_route=%2Fwp%2Fv2%2Ftags&post=13702"}],"curies":[{"name":"wp","href":"https:\/\/api.w.org\/{rel}","templated":true}]}}