{"id":13504,"date":"2024-04-26T09:00:00","date_gmt":"2024-04-26T13:00:00","guid":{"rendered":"https:\/\/ttt.com.bo\/?p=13504"},"modified":"2024-05-03T17:12:03","modified_gmt":"2024-05-03T21:12:03","slug":"apple-vision-pro-3","status":"publish","type":"post","link":"https:\/\/ttt.com.bo\/?p=13504","title":{"rendered":"Apple reduce la producci\u00f3n de las Vision Pro: todo lo que debes saber"},"content":{"rendered":"\n<p>Desde su anuncio, las gafas Apple Vision Pro se presentaban como la pr\u00f3xima frontera en la experiencia de la realidad mixta. Sin embargo, a pesar de las expectativas iniciales, los rumores apuntan a un cambio de rumbo por parte de la gigante tecnol\u00f3gica. Igualmente no sorprende, ya que la euforia de los primeros d\u00edas <a href=\"https:\/\/ttt.com.bo\/apple-vision-pro-2\/\">dur\u00f3 muy poco tiempo<\/a>.<\/p>\n\n\n\n<p>Seg\u00fan el analista Ming-Chi Kuo, Apple ha tomado la decisi\u00f3n de reducir la producci\u00f3n de las Vision Pro debido a una demanda menor de lo esperado. En medio de un contexto de incertidumbre, la gran inc\u00f3gnita radica en si fue (y es) un producto malo por parte de la compa\u00f1\u00eda norteamericana o si el p\u00fablico no estaba preparado para algo de este tipo.<\/p>\n\n\n\n<h2 class=\"wp-block-heading\">La reducci\u00f3n en la producci\u00f3n de los Vision Pro y un contexto que lo avala<\/h2>\n\n\n\n<p>Cuando se lanzaron el a\u00f1o pasado, las Vision Pro de Apple fueron recibidas con una mezcla de asombro y escepticismo. Con un precio inicial de 3499 d\u00f3lares, estas gafas no eran accesibles para todos los bolsillos, lo que planteaba interrogantes sobre su adopci\u00f3n masiva. Adem\u00e1s, las cr\u00edticas no tardaron en llegar. Y se deb\u00edan a que carec\u00edan de caracter\u00edsticas como la inteligencia artificial y se cuestionaba su comodidad y peso, especialmente tras un uso prolongado. Es decir, resultaban caras incluso para las personas con mayor poder adquisitivo.<\/p>\n\n\n\n<p>Como si fuese poco, la entrada de Mark Zuckerberg en el debate, al comparar las Vision Pro con el Meta Quest 3, tambi\u00e9n a\u00f1adi\u00f3 le\u00f1a al fuego. No solo afirm\u00f3 que el producto de Meta era superior, sino que adem\u00e1s insinu\u00f3 que las gafas de Apple carec\u00edan de la innovaci\u00f3n necesaria para destacar en el mercado. Y trat\u00e1ndose de alguien con tanta repercusi\u00f3n, el panorama se complic\u00f3 a\u00fan m\u00e1s.<\/p>\n\n\n\n<p>Ahora, con la noticia de la reducci\u00f3n de la producci\u00f3n, surge la pregunta sobre cu\u00e1les son los factores que han contribuido a esta falta de inter\u00e9s por parte de los consumidores. Lo primero se vincula con el costo de casi 3500 d\u00f3lares. Luego, se eval\u00faa si es necesario mejorar las Vision Pro para generar mayor impacto e incentivo.<\/p>\n\n\n\n<h2 class=\"wp-block-heading\">\u00bfQu\u00e9 dicen desde Apple?<\/h2>\n\n\n\n<p>Tim Cook, CEO de Apple, ha confirmado que las Vision Pro estar\u00e1n disponibles en nuevos mercados pr\u00f3ximamente, lo que podr\u00eda impulsar las ventas. No obstante, el aplazamiento del lanzamiento de un segundo modelo, previsto reci\u00e9n para 2026, sugiere que la empresa est\u00e1 reevaluando su estrategia en el espacio de la realidad mixta.<\/p>\n\n\n\n<p>En \u00faltima instancia, la reducci\u00f3n en la producci\u00f3n de las Vision Pro plantea importantes preguntas sobre el futuro de esta tecnolog\u00eda. Tambi\u00e9n por la capacidad de Apple para liderar esta industria. \u00bfSe trata simplemente de un tropiezo temporal, o es indicativo de un problema m\u00e1s profundo en la estrategia de la compa\u00f1\u00eda? Solo el tiempo lo dir\u00e1.<\/p>\n","protected":false},"excerpt":{"rendered":"<p>Desde su anuncio, las gafas Apple Vision Pro se presentaban como la pr\u00f3xima frontera en la experiencia de la realidad mixta. Sin embargo, a pesar de las expectativas iniciales, los rumores apuntan a un cambio&#8230;<\/p>\n","protected":false},"author":12,"featured_media":13505,"comment_status":"open","ping_status":"closed","sticky":true,"template":"","format":"standard","meta":{"footnotes":""},"categories":[48,459],"tags":[],"class_list":["post-13504","post","type-post","status-publish","format-standard","has-post-thumbnail","hentry","category-apple","category-blog"],"yoast_head":"<!-- This site is optimized with the Yoast SEO plugin v27.4 - https:\/\/yoast.com\/product\/yoast-seo-wordpress\/ -->\n<title>Apple reduce la producci\u00f3n de las Vision Pro: todo lo que debes saber<\/title>\n<meta name=\"description\" content=\"Apple tom\u00f3 una decisi\u00f3n clave respecto a la producci\u00f3n de las Vision Pro. Con\u00f3cela aqu\u00ed junto con otros detalles clave\" \/>\n<meta name=\"robots\" content=\"index, follow, max-snippet:-1, max-image-preview:large, max-video-preview:-1\" \/>\n<link rel=\"canonical\" href=\"https:\/\/ttt.com.bo\/?p=13504\" \/>\n<meta property=\"og:locale\" content=\"es_ES\" \/>\n<meta property=\"og:type\" content=\"article\" \/>\n<meta property=\"og:title\" content=\"Apple reduce la producci\u00f3n de las Vision Pro: todo lo que debes saber\" \/>\n<meta property=\"og:description\" content=\"Apple tom\u00f3 una decisi\u00f3n clave respecto a la producci\u00f3n de las Vision Pro. Con\u00f3cela aqu\u00ed junto con otros detalles clave\" \/>\n<meta property=\"og:url\" content=\"https:\/\/ttt.com.bo\/?p=13504\" \/>\n<meta property=\"og:site_name\" content=\"True Tech Bolivia\" \/>\n<meta property=\"article:publisher\" content=\"https:\/\/www.facebook.com\/tioetruetech\/\" \/>\n<meta property=\"article:published_time\" content=\"2024-04-26T13:00:00+00:00\" \/>\n<meta property=\"article:modified_time\" content=\"2024-05-03T21:12:03+00:00\" \/>\n<meta property=\"og:image\" content=\"https:\/\/ttt.com.bo\/wp-content\/uploads\/2024\/04\/Apple-reduce-la-produccion-de-las-Vision-Pro.jpg\" \/>\n\t<meta property=\"og:image:width\" content=\"1350\" \/>\n\t<meta property=\"og:image:height\" content=\"650\" \/>\n\t<meta property=\"og:image:type\" content=\"image\/jpeg\" \/>\n<meta name=\"author\" content=\"Kevin Kupfreberg\" \/>\n<meta name=\"twitter:card\" content=\"summary_large_image\" \/>\n<meta name=\"twitter:creator\" content=\"@tiotruetech\" \/>\n<meta name=\"twitter:site\" content=\"@tiotruetech\" \/>\n<meta name=\"twitter:label1\" content=\"Escrito por\" \/>\n\t<meta name=\"twitter:data1\" content=\"Kevin Kupfreberg\" \/>\n\t<meta name=\"twitter:label2\" content=\"Tiempo de lectura\" \/>\n\t<meta name=\"twitter:data2\" content=\"3 minutos\" \/>\n<script type=\"application\/ld+json\" class=\"yoast-schema-graph\">{\"@context\":\"https:\\\/\\\/schema.org\",\"@graph\":[{\"@type\":\"Article\",\"@id\":\"https:\\\/\\\/ttt.com.bo\\\/?p=13504#article\",\"isPartOf\":{\"@id\":\"https:\\\/\\\/ttt.com.bo\\\/?p=13504\"},\"author\":{\"name\":\"Kevin Kupfreberg\",\"@id\":\"https:\\\/\\\/ttt.com.bo\\\/#\\\/schema\\\/person\\\/bffaa4669cb827e4132b78c4b9f72cc3\"},\"headline\":\"Apple reduce la producci\u00f3n de las Vision Pro: todo lo que debes saber\",\"datePublished\":\"2024-04-26T13:00:00+00:00\",\"dateModified\":\"2024-05-03T21:12:03+00:00\",\"mainEntityOfPage\":{\"@id\":\"https:\\\/\\\/ttt.com.bo\\\/?p=13504\"},\"wordCount\":518,\"commentCount\":0,\"publisher\":{\"@id\":\"https:\\\/\\\/ttt.com.bo\\\/#organization\"},\"image\":{\"@id\":\"https:\\\/\\\/ttt.com.bo\\\/?p=13504#primaryimage\"},\"thumbnailUrl\":\"https:\\\/\\\/ttt.com.bo\\\/wp-content\\\/uploads\\\/2024\\\/04\\\/Apple-reduce-la-produccion-de-las-Vision-Pro.jpg\",\"articleSection\":[\"Apple\",\"Blogs\"],\"inLanguage\":\"es\",\"potentialAction\":[{\"@type\":\"CommentAction\",\"name\":\"Comment\",\"target\":[\"https:\\\/\\\/ttt.com.bo\\\/?p=13504#respond\"]}]},{\"@type\":\"WebPage\",\"@id\":\"https:\\\/\\\/ttt.com.bo\\\/?p=13504\",\"url\":\"https:\\\/\\\/ttt.com.bo\\\/?p=13504\",\"name\":\"Apple reduce la producci\u00f3n de las Vision Pro: todo lo que debes saber\",\"isPartOf\":{\"@id\":\"https:\\\/\\\/ttt.com.bo\\\/#website\"},\"primaryImageOfPage\":{\"@id\":\"https:\\\/\\\/ttt.com.bo\\\/?p=13504#primaryimage\"},\"image\":{\"@id\":\"https:\\\/\\\/ttt.com.bo\\\/?p=13504#primaryimage\"},\"thumbnailUrl\":\"https:\\\/\\\/ttt.com.bo\\\/wp-content\\\/uploads\\\/2024\\\/04\\\/Apple-reduce-la-produccion-de-las-Vision-Pro.jpg\",\"datePublished\":\"2024-04-26T13:00:00+00:00\",\"dateModified\":\"2024-05-03T21:12:03+00:00\",\"description\":\"Apple tom\u00f3 una decisi\u00f3n clave respecto a la producci\u00f3n de las Vision Pro. Con\u00f3cela aqu\u00ed junto con otros detalles clave\",\"breadcrumb\":{\"@id\":\"https:\\\/\\\/ttt.com.bo\\\/?p=13504#breadcrumb\"},\"inLanguage\":\"es\",\"potentialAction\":[{\"@type\":\"ReadAction\",\"target\":[\"https:\\\/\\\/ttt.com.bo\\\/?p=13504\"]}]},{\"@type\":\"ImageObject\",\"inLanguage\":\"es\",\"@id\":\"https:\\\/\\\/ttt.com.bo\\\/?p=13504#primaryimage\",\"url\":\"https:\\\/\\\/ttt.com.bo\\\/wp-content\\\/uploads\\\/2024\\\/04\\\/Apple-reduce-la-produccion-de-las-Vision-Pro.jpg\",\"contentUrl\":\"https:\\\/\\\/ttt.com.bo\\\/wp-content\\\/uploads\\\/2024\\\/04\\\/Apple-reduce-la-produccion-de-las-Vision-Pro.jpg\",\"width\":1350,\"height\":650,\"caption\":\"Decisi\u00f3n de Apple con las Vision Pro\"},{\"@type\":\"BreadcrumbList\",\"@id\":\"https:\\\/\\\/ttt.com.bo\\\/?p=13504#breadcrumb\",\"itemListElement\":[{\"@type\":\"ListItem\",\"position\":1,\"name\":\"Portada\",\"item\":\"https:\\\/\\\/ttt.com.bo\\\/\"},{\"@type\":\"ListItem\",\"position\":2,\"name\":\"Apple reduce la producci\u00f3n de las Vision Pro: todo lo que debes saber\"}]},{\"@type\":\"WebSite\",\"@id\":\"https:\\\/\\\/ttt.com.bo\\\/#website\",\"url\":\"https:\\\/\\\/ttt.com.bo\\\/\",\"name\":\"True Tech Bolivia\",\"description\":\"Tecnolog\u00eda a tu alcance\",\"publisher\":{\"@id\":\"https:\\\/\\\/ttt.com.bo\\\/#organization\"},\"potentialAction\":[{\"@type\":\"SearchAction\",\"target\":{\"@type\":\"EntryPoint\",\"urlTemplate\":\"https:\\\/\\\/ttt.com.bo\\\/?s={search_term_string}\"},\"query-input\":{\"@type\":\"PropertyValueSpecification\",\"valueRequired\":true,\"valueName\":\"search_term_string\"}}],\"inLanguage\":\"es\"},{\"@type\":\"Organization\",\"@id\":\"https:\\\/\\\/ttt.com.bo\\\/#organization\",\"name\":\"The True Tech Bolivia\",\"url\":\"https:\\\/\\\/ttt.com.bo\\\/\",\"logo\":{\"@type\":\"ImageObject\",\"inLanguage\":\"es\",\"@id\":\"https:\\\/\\\/ttt.com.bo\\\/#\\\/schema\\\/logo\\\/image\\\/\",\"url\":\"https:\\\/\\\/ttt.com.bo\\\/wp-content\\\/uploads\\\/2020\\\/09\\\/LOGO-05.png\",\"contentUrl\":\"https:\\\/\\\/ttt.com.bo\\\/wp-content\\\/uploads\\\/2020\\\/09\\\/LOGO-05.png\",\"width\":1060,\"height\":1060,\"caption\":\"The True Tech Bolivia\"},\"image\":{\"@id\":\"https:\\\/\\\/ttt.com.bo\\\/#\\\/schema\\\/logo\\\/image\\\/\"},\"sameAs\":[\"https:\\\/\\\/www.facebook.com\\\/tioetruetech\\\/\",\"https:\\\/\\\/x.com\\\/tiotruetech\",\"https:\\\/\\\/www.instagram.com\\\/tioetruetech\\\/\",\"https:\\\/\\\/www.youtube.com\\\/channel\\\/UCgTkcGccJ5oZANJnDq0TWwQ\\\/videos\"]},{\"@type\":\"Person\",\"@id\":\"https:\\\/\\\/ttt.com.bo\\\/#\\\/schema\\\/person\\\/bffaa4669cb827e4132b78c4b9f72cc3\",\"name\":\"Kevin Kupfreberg\",\"image\":{\"@type\":\"ImageObject\",\"inLanguage\":\"es\",\"@id\":\"https:\\\/\\\/secure.gravatar.com\\\/avatar\\\/c6a0ea5d924212ef8110ed98bace664174890199855ab2aeadd7ca0363cc67ff?s=96&d=mm&r=g\",\"url\":\"https:\\\/\\\/secure.gravatar.com\\\/avatar\\\/c6a0ea5d924212ef8110ed98bace664174890199855ab2aeadd7ca0363cc67ff?s=96&d=mm&r=g\",\"contentUrl\":\"https:\\\/\\\/secure.gravatar.com\\\/avatar\\\/c6a0ea5d924212ef8110ed98bace664174890199855ab2aeadd7ca0363cc67ff?s=96&d=mm&r=g\",\"caption\":\"Kevin Kupfreberg\"},\"description\":\"Periodista, comunicador social y especialista en SEO y marketing digital. Me apasiona escribir sobre diferentes temas, nichos, plataformas y tipos de p\u00fablicos. As\u00ed he trabajado en m\u00faltiples sitios web, tiendas ecommerce y blogs para cumplir con los requerimientos tanto del buyer persona como del cliente\",\"url\":\"https:\\\/\\\/ttt.com.bo\\\/?author=12\"}]}<\/script>\n<!-- \/ Yoast SEO plugin. -->","yoast_head_json":{"title":"Apple reduce la producci\u00f3n de las Vision Pro: todo lo que debes saber","description":"Apple tom\u00f3 una decisi\u00f3n clave respecto a la producci\u00f3n de las Vision Pro. Con\u00f3cela aqu\u00ed junto con otros detalles clave","robots":{"index":"index","follow":"follow","max-snippet":"max-snippet:-1","max-image-preview":"max-image-preview:large","max-video-preview":"max-video-preview:-1"},"canonical":"https:\/\/ttt.com.bo\/?p=13504","og_locale":"es_ES","og_type":"article","og_title":"Apple reduce la producci\u00f3n de las Vision Pro: todo lo que debes saber","og_description":"Apple tom\u00f3 una decisi\u00f3n clave respecto a la producci\u00f3n de las Vision Pro. Con\u00f3cela aqu\u00ed junto con otros detalles clave","og_url":"https:\/\/ttt.com.bo\/?p=13504","og_site_name":"True Tech Bolivia","article_publisher":"https:\/\/www.facebook.com\/tioetruetech\/","article_published_time":"2024-04-26T13:00:00+00:00","article_modified_time":"2024-05-03T21:12:03+00:00","og_image":[{"width":1350,"height":650,"url":"https:\/\/ttt.com.bo\/wp-content\/uploads\/2024\/04\/Apple-reduce-la-produccion-de-las-Vision-Pro.jpg","type":"image\/jpeg"}],"author":"Kevin Kupfreberg","twitter_card":"summary_large_image","twitter_creator":"@tiotruetech","twitter_site":"@tiotruetech","twitter_misc":{"Escrito por":"Kevin Kupfreberg","Tiempo de lectura":"3 minutos"},"schema":{"@context":"https:\/\/schema.org","@graph":[{"@type":"Article","@id":"https:\/\/ttt.com.bo\/?p=13504#article","isPartOf":{"@id":"https:\/\/ttt.com.bo\/?p=13504"},"author":{"name":"Kevin Kupfreberg","@id":"https:\/\/ttt.com.bo\/#\/schema\/person\/bffaa4669cb827e4132b78c4b9f72cc3"},"headline":"Apple reduce la producci\u00f3n de las Vision Pro: todo lo que debes saber","datePublished":"2024-04-26T13:00:00+00:00","dateModified":"2024-05-03T21:12:03+00:00","mainEntityOfPage":{"@id":"https:\/\/ttt.com.bo\/?p=13504"},"wordCount":518,"commentCount":0,"publisher":{"@id":"https:\/\/ttt.com.bo\/#organization"},"image":{"@id":"https:\/\/ttt.com.bo\/?p=13504#primaryimage"},"thumbnailUrl":"https:\/\/ttt.com.bo\/wp-content\/uploads\/2024\/04\/Apple-reduce-la-produccion-de-las-Vision-Pro.jpg","articleSection":["Apple","Blogs"],"inLanguage":"es","potentialAction":[{"@type":"CommentAction","name":"Comment","target":["https:\/\/ttt.com.bo\/?p=13504#respond"]}]},{"@type":"WebPage","@id":"https:\/\/ttt.com.bo\/?p=13504","url":"https:\/\/ttt.com.bo\/?p=13504","name":"Apple reduce la producci\u00f3n de las Vision Pro: todo lo que debes saber","isPartOf":{"@id":"https:\/\/ttt.com.bo\/#website"},"primaryImageOfPage":{"@id":"https:\/\/ttt.com.bo\/?p=13504#primaryimage"},"image":{"@id":"https:\/\/ttt.com.bo\/?p=13504#primaryimage"},"thumbnailUrl":"https:\/\/ttt.com.bo\/wp-content\/uploads\/2024\/04\/Apple-reduce-la-produccion-de-las-Vision-Pro.jpg","datePublished":"2024-04-26T13:00:00+00:00","dateModified":"2024-05-03T21:12:03+00:00","description":"Apple tom\u00f3 una decisi\u00f3n clave respecto a la producci\u00f3n de las Vision Pro. Con\u00f3cela aqu\u00ed junto con otros detalles clave","breadcrumb":{"@id":"https:\/\/ttt.com.bo\/?p=13504#breadcrumb"},"inLanguage":"es","potentialAction":[{"@type":"ReadAction","target":["https:\/\/ttt.com.bo\/?p=13504"]}]},{"@type":"ImageObject","inLanguage":"es","@id":"https:\/\/ttt.com.bo\/?p=13504#primaryimage","url":"https:\/\/ttt.com.bo\/wp-content\/uploads\/2024\/04\/Apple-reduce-la-produccion-de-las-Vision-Pro.jpg","contentUrl":"https:\/\/ttt.com.bo\/wp-content\/uploads\/2024\/04\/Apple-reduce-la-produccion-de-las-Vision-Pro.jpg","width":1350,"height":650,"caption":"Decisi\u00f3n de Apple con las Vision Pro"},{"@type":"BreadcrumbList","@id":"https:\/\/ttt.com.bo\/?p=13504#breadcrumb","itemListElement":[{"@type":"ListItem","position":1,"name":"Portada","item":"https:\/\/ttt.com.bo\/"},{"@type":"ListItem","position":2,"name":"Apple reduce la producci\u00f3n de las Vision Pro: todo lo que debes saber"}]},{"@type":"WebSite","@id":"https:\/\/ttt.com.bo\/#website","url":"https:\/\/ttt.com.bo\/","name":"True Tech Bolivia","description":"Tecnolog\u00eda a tu alcance","publisher":{"@id":"https:\/\/ttt.com.bo\/#organization"},"potentialAction":[{"@type":"SearchAction","target":{"@type":"EntryPoint","urlTemplate":"https:\/\/ttt.com.bo\/?s={search_term_string}"},"query-input":{"@type":"PropertyValueSpecification","valueRequired":true,"valueName":"search_term_string"}}],"inLanguage":"es"},{"@type":"Organization","@id":"https:\/\/ttt.com.bo\/#organization","name":"The True Tech Bolivia","url":"https:\/\/ttt.com.bo\/","logo":{"@type":"ImageObject","inLanguage":"es","@id":"https:\/\/ttt.com.bo\/#\/schema\/logo\/image\/","url":"https:\/\/ttt.com.bo\/wp-content\/uploads\/2020\/09\/LOGO-05.png","contentUrl":"https:\/\/ttt.com.bo\/wp-content\/uploads\/2020\/09\/LOGO-05.png","width":1060,"height":1060,"caption":"The True Tech Bolivia"},"image":{"@id":"https:\/\/ttt.com.bo\/#\/schema\/logo\/image\/"},"sameAs":["https:\/\/www.facebook.com\/tioetruetech\/","https:\/\/x.com\/tiotruetech","https:\/\/www.instagram.com\/tioetruetech\/","https:\/\/www.youtube.com\/channel\/UCgTkcGccJ5oZANJnDq0TWwQ\/videos"]},{"@type":"Person","@id":"https:\/\/ttt.com.bo\/#\/schema\/person\/bffaa4669cb827e4132b78c4b9f72cc3","name":"Kevin Kupfreberg","image":{"@type":"ImageObject","inLanguage":"es","@id":"https:\/\/secure.gravatar.com\/avatar\/c6a0ea5d924212ef8110ed98bace664174890199855ab2aeadd7ca0363cc67ff?s=96&d=mm&r=g","url":"https:\/\/secure.gravatar.com\/avatar\/c6a0ea5d924212ef8110ed98bace664174890199855ab2aeadd7ca0363cc67ff?s=96&d=mm&r=g","contentUrl":"https:\/\/secure.gravatar.com\/avatar\/c6a0ea5d924212ef8110ed98bace664174890199855ab2aeadd7ca0363cc67ff?s=96&d=mm&r=g","caption":"Kevin Kupfreberg"},"description":"Periodista, comunicador social y especialista en SEO y marketing digital. Me apasiona escribir sobre diferentes temas, nichos, plataformas y tipos de p\u00fablicos. As\u00ed he trabajado en m\u00faltiples sitios web, tiendas ecommerce y blogs para cumplir con los requerimientos tanto del buyer persona como del cliente","url":"https:\/\/ttt.com.bo\/?author=12"}]}},"_links":{"self":[{"href":"https:\/\/ttt.com.bo\/index.php?rest_route=\/wp\/v2\/posts\/13504","targetHints":{"allow":["GET"]}}],"collection":[{"href":"https:\/\/ttt.com.bo\/index.php?rest_route=\/wp\/v2\/posts"}],"about":[{"href":"https:\/\/ttt.com.bo\/index.php?rest_route=\/wp\/v2\/types\/post"}],"author":[{"embeddable":true,"href":"https:\/\/ttt.com.bo\/index.php?rest_route=\/wp\/v2\/users\/12"}],"replies":[{"embeddable":true,"href":"https:\/\/ttt.com.bo\/index.php?rest_route=%2Fwp%2Fv2%2Fcomments&post=13504"}],"version-history":[{"count":1,"href":"https:\/\/ttt.com.bo\/index.php?rest_route=\/wp\/v2\/posts\/13504\/revisions"}],"predecessor-version":[{"id":13508,"href":"https:\/\/ttt.com.bo\/index.php?rest_route=\/wp\/v2\/posts\/13504\/revisions\/13508"}],"wp:featuredmedia":[{"embeddable":true,"href":"https:\/\/ttt.com.bo\/index.php?rest_route=\/wp\/v2\/media\/13505"}],"wp:attachment":[{"href":"https:\/\/ttt.com.bo\/index.php?rest_route=%2Fwp%2Fv2%2Fmedia&parent=13504"}],"wp:term":[{"taxonomy":"category","embeddable":true,"href":"https:\/\/ttt.com.bo\/index.php?rest_route=%2Fwp%2Fv2%2Fcategories&post=13504"},{"taxonomy":"post_tag","embeddable":true,"href":"https:\/\/ttt.com.bo\/index.php?rest_route=%2Fwp%2Fv2%2Ftags&post=13504"}],"curies":[{"name":"wp","href":"https:\/\/api.w.org\/{rel}","templated":true}]}}