{"id":13362,"date":"2024-03-29T09:00:00","date_gmt":"2024-03-29T13:00:00","guid":{"rendered":"https:\/\/ttt.com.bo\/?p=13362"},"modified":"2024-03-28T17:28:41","modified_gmt":"2024-03-28T21:28:41","slug":"wwdc-2024-apple","status":"publish","type":"post","link":"https:\/\/ttt.com.bo\/?p=13362","title":{"rendered":"Apple confirm\u00f3 la fecha de WWDC 2024: \u00bfCu\u00e1ndo es y qu\u00e9 se espera?"},"content":{"rendered":"\n<p>La anticipaci\u00f3n ha llegado a su fin. Apple ha marcado la fecha para su tan esperada Worldwide Developer Conference (WWDC) 2024, y las expectativas est\u00e1n bien altas. Este a\u00f1o, la gigante tecnol\u00f3gica promete un evento revolucionario en el que mostrar\u00e1 c\u00f3mo redefine los <a href=\"https:\/\/ttt.com.bo\/apple-demanda-estados-unidos\/\">l\u00edmites de la innovaci\u00f3n<\/a> en el mundo de la tecnolog\u00eda.<\/p>\n\n\n\n<p>La WWDC es el evento anual m\u00e1s destacado en el calendario de Apple. All\u00ed, la compa\u00f1\u00eda revela sus pr\u00f3ximos sistemas operativos y comparte herramientas esenciales con la comunidad de desarrolladores. Pero este a\u00f1o, hay un giro emocionante. Adem\u00e1s de las actualizaciones esperadas para iOS, iPadOS, macOS, tvOS, y watchOS, se espera que sorprenda con avances significativos en inteligencia artificial (IA) y m\u00e1s.<\/p>\n\n\n\n<h2 class=\"wp-block-heading\">\u00bfC\u00f3mo ser\u00e1 WWDC 2024 y qu\u00e9 cambiar\u00e1 respecto a las otras ediciones?<\/h2>\n\n\n\n<p>A diferencia de a\u00f1os anteriores, la WWDC 2024 se llevar\u00e1 a cabo durante la segunda semana de junio. Exactamente desde el 10 al 14. Sin embargo, lo m\u00e1s notable de este a\u00f1o es que el evento adoptar\u00e1 un formato h\u00edbrido, ya que se podr\u00e1 participar tanto presencial en el Apple Park como de forma virtual.<\/p>\n\n\n\n<p>Cabe destacar que la Keynote inaugural, que siempre marca el punto culminante de la WWDC, est\u00e1 programada para el 10 de junio. En este evento, que suele durar alrededor de dos horas, los l\u00edderes de Apple dar\u00e1n a conocer las \u00faltimas innovaciones y ofrecer\u00e1n un vistazo exclusivo a lo que nos depara el futuro en t\u00e9rminos de software y hardware.<\/p>\n\n\n\n<p>A su vez, una de las principales atracciones de este a\u00f1o ser\u00e1 el anticipado iOS 18. Este tendr\u00e1 un redise\u00f1o completo e incorporar\u00e1 caracter\u00edsticas avanzadas de inteligencia artificial. Adem\u00e1s, aunque los rumores sugieren que es poco probable que haya grandes lanzamientos de hardware, es posible que haya alguna sorpresa.<\/p>\n\n\n\n<h2 class=\"wp-block-heading\">Otras cosas que debes saber<\/h2>\n\n\n\n<p>Una pista intrigante sobre lo que se mostrar\u00e1 radica en el cartel del evento. Este a\u00f1o, el dise\u00f1o minimalista tiene a las letras WWDC24 en colores vibrantes sobre un fondo negro. La ausencia de brillo o reflejo en las letras sugiere un cambio en el estilo de dise\u00f1o, posiblemente alineado con el nuevo visionOS.&nbsp;<\/p>\n\n\n\n<p>Adem\u00e1s, una sutil referencia a las siglas \u00abAI\u00bb por parte de Greg Joswiak, director de marketing de Apple, en las redes sociales, llama a\u00fan m\u00e1s la atenci\u00f3n. En este sentido, la especulaci\u00f3n sobre las posibles innovaciones en inteligencia artificial que se podr\u00edan exhibir es cada vez mayor.<\/p>\n\n\n\n<p>De todos modos, restan m\u00e1s de dos meses para el inicio del evento, por lo que algunos detalles deber\u00e1n confirmarse en las pr\u00f3ximas semanas. Lo cierto es que la WWDC 2024 promete ser verdaderamente revolucionaria y establecer el comienzo de una nueva era en la tecnolog\u00eda de Apple.&nbsp;<\/p>\n\n\n\n<p>Desde las renovaciones de software hasta posibles avances en inteligencia artificial, los d\u00edas que preceden al 10 de junio estar\u00e1n cargados de emoci\u00f3n y expectativas. Y la ansiedad seguir\u00e1 en aumento.<\/p>\n","protected":false},"excerpt":{"rendered":"<p>La anticipaci\u00f3n ha llegado a su fin. Apple ha marcado la fecha para su tan esperada Worldwide Developer Conference (WWDC) 2024, y las expectativas est\u00e1n bien altas. Este a\u00f1o, la gigante tecnol\u00f3gica promete un evento&#8230;<\/p>\n","protected":false},"author":12,"featured_media":13363,"comment_status":"open","ping_status":"closed","sticky":false,"template":"","format":"standard","meta":{"footnotes":""},"categories":[48],"tags":[],"class_list":["post-13362","post","type-post","status-publish","format-standard","has-post-thumbnail","hentry","category-apple"],"yoast_head":"<!-- This site is optimized with the Yoast SEO plugin v27.4 - https:\/\/yoast.com\/product\/yoast-seo-wordpress\/ -->\n<title>Apple confirm\u00f3 la fecha de WWDC 2024: \u00bfCu\u00e1ndo es y qu\u00e9 se espera?<\/title>\n<meta name=\"description\" content=\"Apple dio a conocer las fechas en las que desarrollar\u00e1 WWDC 2024. Te mostramos tambi\u00e9n todo lo que se dar\u00e1 a conocer y m\u00e1s\" \/>\n<meta name=\"robots\" content=\"index, follow, max-snippet:-1, max-image-preview:large, max-video-preview:-1\" \/>\n<link rel=\"canonical\" href=\"https:\/\/ttt.com.bo\/?p=13362\" \/>\n<meta property=\"og:locale\" content=\"es_ES\" \/>\n<meta property=\"og:type\" content=\"article\" \/>\n<meta property=\"og:title\" content=\"Apple confirm\u00f3 la fecha de WWDC 2024: \u00bfCu\u00e1ndo es y qu\u00e9 se espera?\" \/>\n<meta property=\"og:description\" content=\"Apple dio a conocer las fechas en las que desarrollar\u00e1 WWDC 2024. Te mostramos tambi\u00e9n todo lo que se dar\u00e1 a conocer y m\u00e1s\" \/>\n<meta property=\"og:url\" content=\"https:\/\/ttt.com.bo\/?p=13362\" \/>\n<meta property=\"og:site_name\" content=\"True Tech Bolivia\" \/>\n<meta property=\"article:publisher\" content=\"https:\/\/www.facebook.com\/tioetruetech\/\" \/>\n<meta property=\"article:published_time\" content=\"2024-03-29T13:00:00+00:00\" \/>\n<meta property=\"og:image\" content=\"https:\/\/ttt.com.bo\/wp-content\/uploads\/2024\/03\/WWDC-2024.jpg\" \/>\n\t<meta property=\"og:image:width\" content=\"1350\" \/>\n\t<meta property=\"og:image:height\" content=\"650\" \/>\n\t<meta property=\"og:image:type\" content=\"image\/jpeg\" \/>\n<meta name=\"author\" content=\"Kevin Kupfreberg\" \/>\n<meta name=\"twitter:card\" content=\"summary_large_image\" \/>\n<meta name=\"twitter:creator\" content=\"@tiotruetech\" \/>\n<meta name=\"twitter:site\" content=\"@tiotruetech\" \/>\n<meta name=\"twitter:label1\" content=\"Escrito por\" \/>\n\t<meta name=\"twitter:data1\" content=\"Kevin Kupfreberg\" \/>\n\t<meta name=\"twitter:label2\" content=\"Tiempo de lectura\" \/>\n\t<meta name=\"twitter:data2\" content=\"3 minutos\" \/>\n<script type=\"application\/ld+json\" class=\"yoast-schema-graph\">{\"@context\":\"https:\\\/\\\/schema.org\",\"@graph\":[{\"@type\":\"Article\",\"@id\":\"https:\\\/\\\/ttt.com.bo\\\/?p=13362#article\",\"isPartOf\":{\"@id\":\"https:\\\/\\\/ttt.com.bo\\\/?p=13362\"},\"author\":{\"name\":\"Kevin Kupfreberg\",\"@id\":\"https:\\\/\\\/ttt.com.bo\\\/#\\\/schema\\\/person\\\/bffaa4669cb827e4132b78c4b9f72cc3\"},\"headline\":\"Apple confirm\u00f3 la fecha de WWDC 2024: \u00bfCu\u00e1ndo es y qu\u00e9 se espera?\",\"datePublished\":\"2024-03-29T13:00:00+00:00\",\"mainEntityOfPage\":{\"@id\":\"https:\\\/\\\/ttt.com.bo\\\/?p=13362\"},\"wordCount\":525,\"commentCount\":0,\"publisher\":{\"@id\":\"https:\\\/\\\/ttt.com.bo\\\/#organization\"},\"image\":{\"@id\":\"https:\\\/\\\/ttt.com.bo\\\/?p=13362#primaryimage\"},\"thumbnailUrl\":\"https:\\\/\\\/ttt.com.bo\\\/wp-content\\\/uploads\\\/2024\\\/03\\\/WWDC-2024.jpg\",\"articleSection\":[\"Apple\"],\"inLanguage\":\"es\",\"potentialAction\":[{\"@type\":\"CommentAction\",\"name\":\"Comment\",\"target\":[\"https:\\\/\\\/ttt.com.bo\\\/?p=13362#respond\"]}]},{\"@type\":\"WebPage\",\"@id\":\"https:\\\/\\\/ttt.com.bo\\\/?p=13362\",\"url\":\"https:\\\/\\\/ttt.com.bo\\\/?p=13362\",\"name\":\"Apple confirm\u00f3 la fecha de WWDC 2024: \u00bfCu\u00e1ndo es y qu\u00e9 se espera?\",\"isPartOf\":{\"@id\":\"https:\\\/\\\/ttt.com.bo\\\/#website\"},\"primaryImageOfPage\":{\"@id\":\"https:\\\/\\\/ttt.com.bo\\\/?p=13362#primaryimage\"},\"image\":{\"@id\":\"https:\\\/\\\/ttt.com.bo\\\/?p=13362#primaryimage\"},\"thumbnailUrl\":\"https:\\\/\\\/ttt.com.bo\\\/wp-content\\\/uploads\\\/2024\\\/03\\\/WWDC-2024.jpg\",\"datePublished\":\"2024-03-29T13:00:00+00:00\",\"description\":\"Apple dio a conocer las fechas en las que desarrollar\u00e1 WWDC 2024. Te mostramos tambi\u00e9n todo lo que se dar\u00e1 a conocer y m\u00e1s\",\"breadcrumb\":{\"@id\":\"https:\\\/\\\/ttt.com.bo\\\/?p=13362#breadcrumb\"},\"inLanguage\":\"es\",\"potentialAction\":[{\"@type\":\"ReadAction\",\"target\":[\"https:\\\/\\\/ttt.com.bo\\\/?p=13362\"]}]},{\"@type\":\"ImageObject\",\"inLanguage\":\"es\",\"@id\":\"https:\\\/\\\/ttt.com.bo\\\/?p=13362#primaryimage\",\"url\":\"https:\\\/\\\/ttt.com.bo\\\/wp-content\\\/uploads\\\/2024\\\/03\\\/WWDC-2024.jpg\",\"contentUrl\":\"https:\\\/\\\/ttt.com.bo\\\/wp-content\\\/uploads\\\/2024\\\/03\\\/WWDC-2024.jpg\",\"width\":1350,\"height\":650,\"caption\":\"Cu\u00e1ndo es el WWDC 2024\"},{\"@type\":\"BreadcrumbList\",\"@id\":\"https:\\\/\\\/ttt.com.bo\\\/?p=13362#breadcrumb\",\"itemListElement\":[{\"@type\":\"ListItem\",\"position\":1,\"name\":\"Portada\",\"item\":\"https:\\\/\\\/ttt.com.bo\\\/\"},{\"@type\":\"ListItem\",\"position\":2,\"name\":\"Apple confirm\u00f3 la fecha de WWDC 2024: \u00bfCu\u00e1ndo es y qu\u00e9 se espera?\"}]},{\"@type\":\"WebSite\",\"@id\":\"https:\\\/\\\/ttt.com.bo\\\/#website\",\"url\":\"https:\\\/\\\/ttt.com.bo\\\/\",\"name\":\"True Tech Bolivia\",\"description\":\"Tecnolog\u00eda a tu alcance\",\"publisher\":{\"@id\":\"https:\\\/\\\/ttt.com.bo\\\/#organization\"},\"potentialAction\":[{\"@type\":\"SearchAction\",\"target\":{\"@type\":\"EntryPoint\",\"urlTemplate\":\"https:\\\/\\\/ttt.com.bo\\\/?s={search_term_string}\"},\"query-input\":{\"@type\":\"PropertyValueSpecification\",\"valueRequired\":true,\"valueName\":\"search_term_string\"}}],\"inLanguage\":\"es\"},{\"@type\":\"Organization\",\"@id\":\"https:\\\/\\\/ttt.com.bo\\\/#organization\",\"name\":\"The True Tech Bolivia\",\"url\":\"https:\\\/\\\/ttt.com.bo\\\/\",\"logo\":{\"@type\":\"ImageObject\",\"inLanguage\":\"es\",\"@id\":\"https:\\\/\\\/ttt.com.bo\\\/#\\\/schema\\\/logo\\\/image\\\/\",\"url\":\"https:\\\/\\\/ttt.com.bo\\\/wp-content\\\/uploads\\\/2020\\\/09\\\/LOGO-05.png\",\"contentUrl\":\"https:\\\/\\\/ttt.com.bo\\\/wp-content\\\/uploads\\\/2020\\\/09\\\/LOGO-05.png\",\"width\":1060,\"height\":1060,\"caption\":\"The True Tech Bolivia\"},\"image\":{\"@id\":\"https:\\\/\\\/ttt.com.bo\\\/#\\\/schema\\\/logo\\\/image\\\/\"},\"sameAs\":[\"https:\\\/\\\/www.facebook.com\\\/tioetruetech\\\/\",\"https:\\\/\\\/x.com\\\/tiotruetech\",\"https:\\\/\\\/www.instagram.com\\\/tioetruetech\\\/\",\"https:\\\/\\\/www.youtube.com\\\/channel\\\/UCgTkcGccJ5oZANJnDq0TWwQ\\\/videos\"]},{\"@type\":\"Person\",\"@id\":\"https:\\\/\\\/ttt.com.bo\\\/#\\\/schema\\\/person\\\/bffaa4669cb827e4132b78c4b9f72cc3\",\"name\":\"Kevin Kupfreberg\",\"image\":{\"@type\":\"ImageObject\",\"inLanguage\":\"es\",\"@id\":\"https:\\\/\\\/secure.gravatar.com\\\/avatar\\\/c6a0ea5d924212ef8110ed98bace664174890199855ab2aeadd7ca0363cc67ff?s=96&d=mm&r=g\",\"url\":\"https:\\\/\\\/secure.gravatar.com\\\/avatar\\\/c6a0ea5d924212ef8110ed98bace664174890199855ab2aeadd7ca0363cc67ff?s=96&d=mm&r=g\",\"contentUrl\":\"https:\\\/\\\/secure.gravatar.com\\\/avatar\\\/c6a0ea5d924212ef8110ed98bace664174890199855ab2aeadd7ca0363cc67ff?s=96&d=mm&r=g\",\"caption\":\"Kevin Kupfreberg\"},\"description\":\"Periodista, comunicador social y especialista en SEO y marketing digital. Me apasiona escribir sobre diferentes temas, nichos, plataformas y tipos de p\u00fablicos. As\u00ed he trabajado en m\u00faltiples sitios web, tiendas ecommerce y blogs para cumplir con los requerimientos tanto del buyer persona como del cliente\",\"url\":\"https:\\\/\\\/ttt.com.bo\\\/?author=12\"}]}<\/script>\n<!-- \/ Yoast SEO plugin. -->","yoast_head_json":{"title":"Apple confirm\u00f3 la fecha de WWDC 2024: \u00bfCu\u00e1ndo es y qu\u00e9 se espera?","description":"Apple dio a conocer las fechas en las que desarrollar\u00e1 WWDC 2024. Te mostramos tambi\u00e9n todo lo que se dar\u00e1 a conocer y m\u00e1s","robots":{"index":"index","follow":"follow","max-snippet":"max-snippet:-1","max-image-preview":"max-image-preview:large","max-video-preview":"max-video-preview:-1"},"canonical":"https:\/\/ttt.com.bo\/?p=13362","og_locale":"es_ES","og_type":"article","og_title":"Apple confirm\u00f3 la fecha de WWDC 2024: \u00bfCu\u00e1ndo es y qu\u00e9 se espera?","og_description":"Apple dio a conocer las fechas en las que desarrollar\u00e1 WWDC 2024. Te mostramos tambi\u00e9n todo lo que se dar\u00e1 a conocer y m\u00e1s","og_url":"https:\/\/ttt.com.bo\/?p=13362","og_site_name":"True Tech Bolivia","article_publisher":"https:\/\/www.facebook.com\/tioetruetech\/","article_published_time":"2024-03-29T13:00:00+00:00","og_image":[{"width":1350,"height":650,"url":"https:\/\/ttt.com.bo\/wp-content\/uploads\/2024\/03\/WWDC-2024.jpg","type":"image\/jpeg"}],"author":"Kevin Kupfreberg","twitter_card":"summary_large_image","twitter_creator":"@tiotruetech","twitter_site":"@tiotruetech","twitter_misc":{"Escrito por":"Kevin Kupfreberg","Tiempo de lectura":"3 minutos"},"schema":{"@context":"https:\/\/schema.org","@graph":[{"@type":"Article","@id":"https:\/\/ttt.com.bo\/?p=13362#article","isPartOf":{"@id":"https:\/\/ttt.com.bo\/?p=13362"},"author":{"name":"Kevin Kupfreberg","@id":"https:\/\/ttt.com.bo\/#\/schema\/person\/bffaa4669cb827e4132b78c4b9f72cc3"},"headline":"Apple confirm\u00f3 la fecha de WWDC 2024: \u00bfCu\u00e1ndo es y qu\u00e9 se espera?","datePublished":"2024-03-29T13:00:00+00:00","mainEntityOfPage":{"@id":"https:\/\/ttt.com.bo\/?p=13362"},"wordCount":525,"commentCount":0,"publisher":{"@id":"https:\/\/ttt.com.bo\/#organization"},"image":{"@id":"https:\/\/ttt.com.bo\/?p=13362#primaryimage"},"thumbnailUrl":"https:\/\/ttt.com.bo\/wp-content\/uploads\/2024\/03\/WWDC-2024.jpg","articleSection":["Apple"],"inLanguage":"es","potentialAction":[{"@type":"CommentAction","name":"Comment","target":["https:\/\/ttt.com.bo\/?p=13362#respond"]}]},{"@type":"WebPage","@id":"https:\/\/ttt.com.bo\/?p=13362","url":"https:\/\/ttt.com.bo\/?p=13362","name":"Apple confirm\u00f3 la fecha de WWDC 2024: \u00bfCu\u00e1ndo es y qu\u00e9 se espera?","isPartOf":{"@id":"https:\/\/ttt.com.bo\/#website"},"primaryImageOfPage":{"@id":"https:\/\/ttt.com.bo\/?p=13362#primaryimage"},"image":{"@id":"https:\/\/ttt.com.bo\/?p=13362#primaryimage"},"thumbnailUrl":"https:\/\/ttt.com.bo\/wp-content\/uploads\/2024\/03\/WWDC-2024.jpg","datePublished":"2024-03-29T13:00:00+00:00","description":"Apple dio a conocer las fechas en las que desarrollar\u00e1 WWDC 2024. Te mostramos tambi\u00e9n todo lo que se dar\u00e1 a conocer y m\u00e1s","breadcrumb":{"@id":"https:\/\/ttt.com.bo\/?p=13362#breadcrumb"},"inLanguage":"es","potentialAction":[{"@type":"ReadAction","target":["https:\/\/ttt.com.bo\/?p=13362"]}]},{"@type":"ImageObject","inLanguage":"es","@id":"https:\/\/ttt.com.bo\/?p=13362#primaryimage","url":"https:\/\/ttt.com.bo\/wp-content\/uploads\/2024\/03\/WWDC-2024.jpg","contentUrl":"https:\/\/ttt.com.bo\/wp-content\/uploads\/2024\/03\/WWDC-2024.jpg","width":1350,"height":650,"caption":"Cu\u00e1ndo es el WWDC 2024"},{"@type":"BreadcrumbList","@id":"https:\/\/ttt.com.bo\/?p=13362#breadcrumb","itemListElement":[{"@type":"ListItem","position":1,"name":"Portada","item":"https:\/\/ttt.com.bo\/"},{"@type":"ListItem","position":2,"name":"Apple confirm\u00f3 la fecha de WWDC 2024: \u00bfCu\u00e1ndo es y qu\u00e9 se espera?"}]},{"@type":"WebSite","@id":"https:\/\/ttt.com.bo\/#website","url":"https:\/\/ttt.com.bo\/","name":"True Tech Bolivia","description":"Tecnolog\u00eda a tu alcance","publisher":{"@id":"https:\/\/ttt.com.bo\/#organization"},"potentialAction":[{"@type":"SearchAction","target":{"@type":"EntryPoint","urlTemplate":"https:\/\/ttt.com.bo\/?s={search_term_string}"},"query-input":{"@type":"PropertyValueSpecification","valueRequired":true,"valueName":"search_term_string"}}],"inLanguage":"es"},{"@type":"Organization","@id":"https:\/\/ttt.com.bo\/#organization","name":"The True Tech Bolivia","url":"https:\/\/ttt.com.bo\/","logo":{"@type":"ImageObject","inLanguage":"es","@id":"https:\/\/ttt.com.bo\/#\/schema\/logo\/image\/","url":"https:\/\/ttt.com.bo\/wp-content\/uploads\/2020\/09\/LOGO-05.png","contentUrl":"https:\/\/ttt.com.bo\/wp-content\/uploads\/2020\/09\/LOGO-05.png","width":1060,"height":1060,"caption":"The True Tech Bolivia"},"image":{"@id":"https:\/\/ttt.com.bo\/#\/schema\/logo\/image\/"},"sameAs":["https:\/\/www.facebook.com\/tioetruetech\/","https:\/\/x.com\/tiotruetech","https:\/\/www.instagram.com\/tioetruetech\/","https:\/\/www.youtube.com\/channel\/UCgTkcGccJ5oZANJnDq0TWwQ\/videos"]},{"@type":"Person","@id":"https:\/\/ttt.com.bo\/#\/schema\/person\/bffaa4669cb827e4132b78c4b9f72cc3","name":"Kevin Kupfreberg","image":{"@type":"ImageObject","inLanguage":"es","@id":"https:\/\/secure.gravatar.com\/avatar\/c6a0ea5d924212ef8110ed98bace664174890199855ab2aeadd7ca0363cc67ff?s=96&d=mm&r=g","url":"https:\/\/secure.gravatar.com\/avatar\/c6a0ea5d924212ef8110ed98bace664174890199855ab2aeadd7ca0363cc67ff?s=96&d=mm&r=g","contentUrl":"https:\/\/secure.gravatar.com\/avatar\/c6a0ea5d924212ef8110ed98bace664174890199855ab2aeadd7ca0363cc67ff?s=96&d=mm&r=g","caption":"Kevin Kupfreberg"},"description":"Periodista, comunicador social y especialista en SEO y marketing digital. Me apasiona escribir sobre diferentes temas, nichos, plataformas y tipos de p\u00fablicos. As\u00ed he trabajado en m\u00faltiples sitios web, tiendas ecommerce y blogs para cumplir con los requerimientos tanto del buyer persona como del cliente","url":"https:\/\/ttt.com.bo\/?author=12"}]}},"_links":{"self":[{"href":"https:\/\/ttt.com.bo\/index.php?rest_route=\/wp\/v2\/posts\/13362","targetHints":{"allow":["GET"]}}],"collection":[{"href":"https:\/\/ttt.com.bo\/index.php?rest_route=\/wp\/v2\/posts"}],"about":[{"href":"https:\/\/ttt.com.bo\/index.php?rest_route=\/wp\/v2\/types\/post"}],"author":[{"embeddable":true,"href":"https:\/\/ttt.com.bo\/index.php?rest_route=\/wp\/v2\/users\/12"}],"replies":[{"embeddable":true,"href":"https:\/\/ttt.com.bo\/index.php?rest_route=%2Fwp%2Fv2%2Fcomments&post=13362"}],"version-history":[{"count":1,"href":"https:\/\/ttt.com.bo\/index.php?rest_route=\/wp\/v2\/posts\/13362\/revisions"}],"predecessor-version":[{"id":13366,"href":"https:\/\/ttt.com.bo\/index.php?rest_route=\/wp\/v2\/posts\/13362\/revisions\/13366"}],"wp:featuredmedia":[{"embeddable":true,"href":"https:\/\/ttt.com.bo\/index.php?rest_route=\/wp\/v2\/media\/13363"}],"wp:attachment":[{"href":"https:\/\/ttt.com.bo\/index.php?rest_route=%2Fwp%2Fv2%2Fmedia&parent=13362"}],"wp:term":[{"taxonomy":"category","embeddable":true,"href":"https:\/\/ttt.com.bo\/index.php?rest_route=%2Fwp%2Fv2%2Fcategories&post=13362"},{"taxonomy":"post_tag","embeddable":true,"href":"https:\/\/ttt.com.bo\/index.php?rest_route=%2Fwp%2Fv2%2Ftags&post=13362"}],"curies":[{"name":"wp","href":"https:\/\/api.w.org\/{rel}","templated":true}]}}