{"id":13232,"date":"2024-03-08T09:00:00","date_gmt":"2024-03-08T13:00:00","guid":{"rendered":"https:\/\/ttt.com.bo\/?p=13232"},"modified":"2024-03-12T17:45:25","modified_gmt":"2024-03-12T21:45:25","slug":"apple-m3-macbook-air","status":"publish","type":"post","link":"https:\/\/ttt.com.bo\/?p=13232","title":{"rendered":"Apple M3, la gran novedad para los nuevos MacBook Air 13&#8243; M3 y 15&#8243; M3"},"content":{"rendered":"\n<p>Apple siempre ha sido sin\u00f3nimo de innovaci\u00f3n en el mundo de la tecnolog\u00eda, y su \u00faltimo lanzamiento, los MacBook Air 13&#8243; M3 y 15&#8243; M3, no son la excepci\u00f3n. Estos ultraligeros mantienen las caracter\u00edsticas que los han convertido en los favoritos de muchos usuarios, al mismo tiempo que se benefician de la introducci\u00f3n del poderoso chip Apple M3, el cual se present\u00f3 hace cinco meses.<\/p>\n\n\n\n<p>La necesidad de revitalizar las ventas en un mercado competitivo ha llevado a la compa\u00f1\u00eda de la manzana a elevar el list\u00f3n una vez m\u00e1s. As\u00ed, los nuevos MacBook Air con Apple M3 ofrecen un rendimiento impresionante, con la promesa de ser hasta un 60% m\u00e1s r\u00e1pidos que sus predecesores basados en el chip M1. Esta mejora se traduce en una experiencia m\u00e1s fluida y potente para los usuarios, especialmente en tareas exigentes como el dise\u00f1o gr\u00e1fico y la edici\u00f3n de videos.<\/p>\n\n\n\n<h2 class=\"wp-block-heading\">Caracter\u00edsticas m\u00e1s destacadas de Apple M3 en los MacBook<\/h2>\n\n\n\n<p>Si tuvieses los nuevos MacBook Air 13\u201d M3 y 15\u201d M3 contigo evidenciar\u00edas algunas <a href=\"https:\/\/ttt.com.bo\/la-primera-macbook-air-con-el-chip-m2\/\">diferencias significativas<\/a> respecto a los antecesores. Estas se pueden dividir en los siguientes grupos:<\/p>\n\n\n\n<h3 class=\"wp-block-heading\">Dise\u00f1o y dimensiones<\/h3>\n\n\n\n<p>Si bien es cierto que la l\u00ednea entre los MacBook Air y los Pro se ha vuelto cada vez m\u00e1s difusa, los nuevos modelos conservan ese dise\u00f1o ic\u00f3nico que los distingue. Sin embargo, con dimensiones m\u00e1s compactas y un peso reducido, siguen siendo la elecci\u00f3n perfecta para aquellos que buscan portabilidad sin sacrificar potencia. Es decir, logra una experiencia m\u00e1s positiva a partir de lo que ya ostentaba un alto nivel de aceptaci\u00f3n.<\/p>\n\n\n\n<h3 class=\"wp-block-heading\">Pantalla<\/h3>\n\n\n\n<p>La calidad de la pantalla siempre ha sido una prioridad para la empresa americana, y los MacBook Air m\u00e1s recientes contin\u00faan dicho legado. Con pantallas LED IPS de alta resoluci\u00f3n y hasta 500 nits de brillo, los usuarios pueden disfrutar de una experiencia visual envolvente y vibrante. Lo percibir\u00e1s trabajando en proyectos creativos, viendo contenido multimedia o incluso realizando otras actividades.<\/p>\n\n\n\n<h3 class=\"wp-block-heading\">Rendimiento<\/h3>\n\n\n\n<p>El coraz\u00f3n de los nuevos<a href=\"https:\/\/www.apple.com\/macbook-air\/\"> MacBook Air<\/a> radica en el chip Apple M3. Este posibilita un rendimiento excepcional gracias a su CPU de 8 n\u00facleos, GPU de 8\/10 y Neural Engine de 16. Esta potencia bruta se traduce en una multitarea fluida, gr\u00e1ficos impresionantes y tiempos de renderizaci\u00f3n m\u00e1s r\u00e1pidos. En consecuencia, los usuarios realizan todo tipo de tareas con facilidad y eficiencia.<\/p>\n\n\n\n<h3 class=\"wp-block-heading\">IA y m\u00e1s<\/h3>\n\n\n\n<p>Ya no es novedad decir que la Inteligencia artificial avanza a pasos agigantados, y Apple lo tiene bien claro. Por ello ha hecho hincapi\u00e9 en que los nuevos dispositivos sean los ideales para la misma. De todos modos, y a diferencia de lo descrito en los puntos anteriores, se desconocen detalles espec\u00edficos. El objetivo es siempre el mismo: optimizar a\u00fan m\u00e1s la experiencia de usuario.<\/p>\n\n\n\n<p>De esta manera, los MacBook Air 13&#8243; M3 y 15&#8243; M3 dan mucho m\u00e1s que un paso adelante en materia tecnol\u00f3gica e inform\u00e1tica port\u00e1til. Con un dise\u00f1o elegante y mejorado, un rendimiento excepcional y otras caracter\u00edsticas innovadoras, est\u00e1n listos para satisfacer las necesidades de los usuarios m\u00e1s exigentes y seguir siendo l\u00edderes en el mercado de los ultraligeros.<\/p>\n","protected":false},"excerpt":{"rendered":"<p>Apple siempre ha sido sin\u00f3nimo de innovaci\u00f3n en el mundo de la tecnolog\u00eda, y su \u00faltimo lanzamiento, los MacBook Air 13&#8243; M3 y 15&#8243; M3, no son la excepci\u00f3n. Estos ultraligeros mantienen las caracter\u00edsticas que&#8230;<\/p>\n","protected":false},"author":12,"featured_media":13233,"comment_status":"open","ping_status":"closed","sticky":true,"template":"","format":"standard","meta":{"footnotes":""},"categories":[48,459],"tags":[],"class_list":["post-13232","post","type-post","status-publish","format-standard","has-post-thumbnail","hentry","category-apple","category-blog"],"yoast_head":"<!-- This site is optimized with the Yoast SEO plugin v27.4 - https:\/\/yoast.com\/product\/yoast-seo-wordpress\/ -->\n<title>Apple M3, la gran novedad para los nuevos MacBook Air 13&quot; M3 y 15&quot; M3<\/title>\n<meta name=\"description\" content=\"Los nuevos MacBook Air se distinguen de sus antecesores por Apple M3 y otras caracter\u00edsticas clave. Descubre todo aqu\u00ed\" \/>\n<meta name=\"robots\" content=\"index, follow, max-snippet:-1, max-image-preview:large, max-video-preview:-1\" \/>\n<link rel=\"canonical\" href=\"https:\/\/ttt.com.bo\/?p=13232\" \/>\n<meta property=\"og:locale\" content=\"es_ES\" \/>\n<meta property=\"og:type\" content=\"article\" \/>\n<meta property=\"og:title\" content=\"Apple M3, la gran novedad para los nuevos MacBook Air 13&quot; M3 y 15&quot; M3\" \/>\n<meta property=\"og:description\" content=\"Los nuevos MacBook Air se distinguen de sus antecesores por Apple M3 y otras caracter\u00edsticas clave. Descubre todo aqu\u00ed\" \/>\n<meta property=\"og:url\" content=\"https:\/\/ttt.com.bo\/?p=13232\" \/>\n<meta property=\"og:site_name\" content=\"True Tech Bolivia\" \/>\n<meta property=\"article:publisher\" content=\"https:\/\/www.facebook.com\/tioetruetech\/\" \/>\n<meta property=\"article:published_time\" content=\"2024-03-08T13:00:00+00:00\" \/>\n<meta property=\"article:modified_time\" content=\"2024-03-12T21:45:25+00:00\" \/>\n<meta property=\"og:image\" content=\"https:\/\/ttt.com.bo\/wp-content\/uploads\/2024\/03\/Apple-M3-en-los-nuevos-MacBook.png\" \/>\n\t<meta property=\"og:image:width\" content=\"1350\" \/>\n\t<meta property=\"og:image:height\" content=\"650\" \/>\n\t<meta property=\"og:image:type\" content=\"image\/png\" \/>\n<meta name=\"author\" content=\"Kevin Kupfreberg\" \/>\n<meta name=\"twitter:card\" content=\"summary_large_image\" \/>\n<meta name=\"twitter:creator\" content=\"@tiotruetech\" \/>\n<meta name=\"twitter:site\" content=\"@tiotruetech\" \/>\n<meta name=\"twitter:label1\" content=\"Escrito por\" \/>\n\t<meta name=\"twitter:data1\" content=\"Kevin Kupfreberg\" \/>\n\t<meta name=\"twitter:label2\" content=\"Tiempo de lectura\" \/>\n\t<meta name=\"twitter:data2\" content=\"3 minutos\" \/>\n<script type=\"application\/ld+json\" class=\"yoast-schema-graph\">{\"@context\":\"https:\\\/\\\/schema.org\",\"@graph\":[{\"@type\":\"Article\",\"@id\":\"https:\\\/\\\/ttt.com.bo\\\/?p=13232#article\",\"isPartOf\":{\"@id\":\"https:\\\/\\\/ttt.com.bo\\\/?p=13232\"},\"author\":{\"name\":\"Kevin Kupfreberg\",\"@id\":\"https:\\\/\\\/ttt.com.bo\\\/#\\\/schema\\\/person\\\/bffaa4669cb827e4132b78c4b9f72cc3\"},\"headline\":\"Apple M3, la gran novedad para los nuevos MacBook Air 13&#8243; M3 y 15&#8243; M3\",\"datePublished\":\"2024-03-08T13:00:00+00:00\",\"dateModified\":\"2024-03-12T21:45:25+00:00\",\"mainEntityOfPage\":{\"@id\":\"https:\\\/\\\/ttt.com.bo\\\/?p=13232\"},\"wordCount\":564,\"commentCount\":0,\"publisher\":{\"@id\":\"https:\\\/\\\/ttt.com.bo\\\/#organization\"},\"image\":{\"@id\":\"https:\\\/\\\/ttt.com.bo\\\/?p=13232#primaryimage\"},\"thumbnailUrl\":\"https:\\\/\\\/ttt.com.bo\\\/wp-content\\\/uploads\\\/2024\\\/03\\\/Apple-M3-en-los-nuevos-MacBook.png\",\"articleSection\":[\"Apple\",\"Blogs\"],\"inLanguage\":\"es\",\"potentialAction\":[{\"@type\":\"CommentAction\",\"name\":\"Comment\",\"target\":[\"https:\\\/\\\/ttt.com.bo\\\/?p=13232#respond\"]}]},{\"@type\":\"WebPage\",\"@id\":\"https:\\\/\\\/ttt.com.bo\\\/?p=13232\",\"url\":\"https:\\\/\\\/ttt.com.bo\\\/?p=13232\",\"name\":\"Apple M3, la gran novedad para los nuevos MacBook Air 13\\\" M3 y 15\\\" M3\",\"isPartOf\":{\"@id\":\"https:\\\/\\\/ttt.com.bo\\\/#website\"},\"primaryImageOfPage\":{\"@id\":\"https:\\\/\\\/ttt.com.bo\\\/?p=13232#primaryimage\"},\"image\":{\"@id\":\"https:\\\/\\\/ttt.com.bo\\\/?p=13232#primaryimage\"},\"thumbnailUrl\":\"https:\\\/\\\/ttt.com.bo\\\/wp-content\\\/uploads\\\/2024\\\/03\\\/Apple-M3-en-los-nuevos-MacBook.png\",\"datePublished\":\"2024-03-08T13:00:00+00:00\",\"dateModified\":\"2024-03-12T21:45:25+00:00\",\"description\":\"Los nuevos MacBook Air se distinguen de sus antecesores por Apple M3 y otras caracter\u00edsticas clave. Descubre todo aqu\u00ed\",\"breadcrumb\":{\"@id\":\"https:\\\/\\\/ttt.com.bo\\\/?p=13232#breadcrumb\"},\"inLanguage\":\"es\",\"potentialAction\":[{\"@type\":\"ReadAction\",\"target\":[\"https:\\\/\\\/ttt.com.bo\\\/?p=13232\"]}]},{\"@type\":\"ImageObject\",\"inLanguage\":\"es\",\"@id\":\"https:\\\/\\\/ttt.com.bo\\\/?p=13232#primaryimage\",\"url\":\"https:\\\/\\\/ttt.com.bo\\\/wp-content\\\/uploads\\\/2024\\\/03\\\/Apple-M3-en-los-nuevos-MacBook.png\",\"contentUrl\":\"https:\\\/\\\/ttt.com.bo\\\/wp-content\\\/uploads\\\/2024\\\/03\\\/Apple-M3-en-los-nuevos-MacBook.png\",\"width\":1350,\"height\":650,\"caption\":\"Todo sobre Apple M3 y lo m\u00e1s destacado de los nuevos MacBook\"},{\"@type\":\"BreadcrumbList\",\"@id\":\"https:\\\/\\\/ttt.com.bo\\\/?p=13232#breadcrumb\",\"itemListElement\":[{\"@type\":\"ListItem\",\"position\":1,\"name\":\"Portada\",\"item\":\"https:\\\/\\\/ttt.com.bo\\\/\"},{\"@type\":\"ListItem\",\"position\":2,\"name\":\"Apple M3, la gran novedad para los nuevos MacBook Air 13&#8243; M3 y 15&#8243; M3\"}]},{\"@type\":\"WebSite\",\"@id\":\"https:\\\/\\\/ttt.com.bo\\\/#website\",\"url\":\"https:\\\/\\\/ttt.com.bo\\\/\",\"name\":\"True Tech Bolivia\",\"description\":\"Tecnolog\u00eda a tu alcance\",\"publisher\":{\"@id\":\"https:\\\/\\\/ttt.com.bo\\\/#organization\"},\"potentialAction\":[{\"@type\":\"SearchAction\",\"target\":{\"@type\":\"EntryPoint\",\"urlTemplate\":\"https:\\\/\\\/ttt.com.bo\\\/?s={search_term_string}\"},\"query-input\":{\"@type\":\"PropertyValueSpecification\",\"valueRequired\":true,\"valueName\":\"search_term_string\"}}],\"inLanguage\":\"es\"},{\"@type\":\"Organization\",\"@id\":\"https:\\\/\\\/ttt.com.bo\\\/#organization\",\"name\":\"The True Tech Bolivia\",\"url\":\"https:\\\/\\\/ttt.com.bo\\\/\",\"logo\":{\"@type\":\"ImageObject\",\"inLanguage\":\"es\",\"@id\":\"https:\\\/\\\/ttt.com.bo\\\/#\\\/schema\\\/logo\\\/image\\\/\",\"url\":\"https:\\\/\\\/ttt.com.bo\\\/wp-content\\\/uploads\\\/2020\\\/09\\\/LOGO-05.png\",\"contentUrl\":\"https:\\\/\\\/ttt.com.bo\\\/wp-content\\\/uploads\\\/2020\\\/09\\\/LOGO-05.png\",\"width\":1060,\"height\":1060,\"caption\":\"The True Tech Bolivia\"},\"image\":{\"@id\":\"https:\\\/\\\/ttt.com.bo\\\/#\\\/schema\\\/logo\\\/image\\\/\"},\"sameAs\":[\"https:\\\/\\\/www.facebook.com\\\/tioetruetech\\\/\",\"https:\\\/\\\/x.com\\\/tiotruetech\",\"https:\\\/\\\/www.instagram.com\\\/tioetruetech\\\/\",\"https:\\\/\\\/www.youtube.com\\\/channel\\\/UCgTkcGccJ5oZANJnDq0TWwQ\\\/videos\"]},{\"@type\":\"Person\",\"@id\":\"https:\\\/\\\/ttt.com.bo\\\/#\\\/schema\\\/person\\\/bffaa4669cb827e4132b78c4b9f72cc3\",\"name\":\"Kevin Kupfreberg\",\"image\":{\"@type\":\"ImageObject\",\"inLanguage\":\"es\",\"@id\":\"https:\\\/\\\/secure.gravatar.com\\\/avatar\\\/c6a0ea5d924212ef8110ed98bace664174890199855ab2aeadd7ca0363cc67ff?s=96&d=mm&r=g\",\"url\":\"https:\\\/\\\/secure.gravatar.com\\\/avatar\\\/c6a0ea5d924212ef8110ed98bace664174890199855ab2aeadd7ca0363cc67ff?s=96&d=mm&r=g\",\"contentUrl\":\"https:\\\/\\\/secure.gravatar.com\\\/avatar\\\/c6a0ea5d924212ef8110ed98bace664174890199855ab2aeadd7ca0363cc67ff?s=96&d=mm&r=g\",\"caption\":\"Kevin Kupfreberg\"},\"description\":\"Periodista, comunicador social y especialista en SEO y marketing digital. Me apasiona escribir sobre diferentes temas, nichos, plataformas y tipos de p\u00fablicos. As\u00ed he trabajado en m\u00faltiples sitios web, tiendas ecommerce y blogs para cumplir con los requerimientos tanto del buyer persona como del cliente\",\"url\":\"https:\\\/\\\/ttt.com.bo\\\/?author=12\"}]}<\/script>\n<!-- \/ Yoast SEO plugin. -->","yoast_head_json":{"title":"Apple M3, la gran novedad para los nuevos MacBook Air 13\" M3 y 15\" M3","description":"Los nuevos MacBook Air se distinguen de sus antecesores por Apple M3 y otras caracter\u00edsticas clave. Descubre todo aqu\u00ed","robots":{"index":"index","follow":"follow","max-snippet":"max-snippet:-1","max-image-preview":"max-image-preview:large","max-video-preview":"max-video-preview:-1"},"canonical":"https:\/\/ttt.com.bo\/?p=13232","og_locale":"es_ES","og_type":"article","og_title":"Apple M3, la gran novedad para los nuevos MacBook Air 13\" M3 y 15\" M3","og_description":"Los nuevos MacBook Air se distinguen de sus antecesores por Apple M3 y otras caracter\u00edsticas clave. Descubre todo aqu\u00ed","og_url":"https:\/\/ttt.com.bo\/?p=13232","og_site_name":"True Tech Bolivia","article_publisher":"https:\/\/www.facebook.com\/tioetruetech\/","article_published_time":"2024-03-08T13:00:00+00:00","article_modified_time":"2024-03-12T21:45:25+00:00","og_image":[{"width":1350,"height":650,"url":"https:\/\/ttt.com.bo\/wp-content\/uploads\/2024\/03\/Apple-M3-en-los-nuevos-MacBook.png","type":"image\/png"}],"author":"Kevin Kupfreberg","twitter_card":"summary_large_image","twitter_creator":"@tiotruetech","twitter_site":"@tiotruetech","twitter_misc":{"Escrito por":"Kevin Kupfreberg","Tiempo de lectura":"3 minutos"},"schema":{"@context":"https:\/\/schema.org","@graph":[{"@type":"Article","@id":"https:\/\/ttt.com.bo\/?p=13232#article","isPartOf":{"@id":"https:\/\/ttt.com.bo\/?p=13232"},"author":{"name":"Kevin Kupfreberg","@id":"https:\/\/ttt.com.bo\/#\/schema\/person\/bffaa4669cb827e4132b78c4b9f72cc3"},"headline":"Apple M3, la gran novedad para los nuevos MacBook Air 13&#8243; M3 y 15&#8243; M3","datePublished":"2024-03-08T13:00:00+00:00","dateModified":"2024-03-12T21:45:25+00:00","mainEntityOfPage":{"@id":"https:\/\/ttt.com.bo\/?p=13232"},"wordCount":564,"commentCount":0,"publisher":{"@id":"https:\/\/ttt.com.bo\/#organization"},"image":{"@id":"https:\/\/ttt.com.bo\/?p=13232#primaryimage"},"thumbnailUrl":"https:\/\/ttt.com.bo\/wp-content\/uploads\/2024\/03\/Apple-M3-en-los-nuevos-MacBook.png","articleSection":["Apple","Blogs"],"inLanguage":"es","potentialAction":[{"@type":"CommentAction","name":"Comment","target":["https:\/\/ttt.com.bo\/?p=13232#respond"]}]},{"@type":"WebPage","@id":"https:\/\/ttt.com.bo\/?p=13232","url":"https:\/\/ttt.com.bo\/?p=13232","name":"Apple M3, la gran novedad para los nuevos MacBook Air 13\" M3 y 15\" M3","isPartOf":{"@id":"https:\/\/ttt.com.bo\/#website"},"primaryImageOfPage":{"@id":"https:\/\/ttt.com.bo\/?p=13232#primaryimage"},"image":{"@id":"https:\/\/ttt.com.bo\/?p=13232#primaryimage"},"thumbnailUrl":"https:\/\/ttt.com.bo\/wp-content\/uploads\/2024\/03\/Apple-M3-en-los-nuevos-MacBook.png","datePublished":"2024-03-08T13:00:00+00:00","dateModified":"2024-03-12T21:45:25+00:00","description":"Los nuevos MacBook Air se distinguen de sus antecesores por Apple M3 y otras caracter\u00edsticas clave. Descubre todo aqu\u00ed","breadcrumb":{"@id":"https:\/\/ttt.com.bo\/?p=13232#breadcrumb"},"inLanguage":"es","potentialAction":[{"@type":"ReadAction","target":["https:\/\/ttt.com.bo\/?p=13232"]}]},{"@type":"ImageObject","inLanguage":"es","@id":"https:\/\/ttt.com.bo\/?p=13232#primaryimage","url":"https:\/\/ttt.com.bo\/wp-content\/uploads\/2024\/03\/Apple-M3-en-los-nuevos-MacBook.png","contentUrl":"https:\/\/ttt.com.bo\/wp-content\/uploads\/2024\/03\/Apple-M3-en-los-nuevos-MacBook.png","width":1350,"height":650,"caption":"Todo sobre Apple M3 y lo m\u00e1s destacado de los nuevos MacBook"},{"@type":"BreadcrumbList","@id":"https:\/\/ttt.com.bo\/?p=13232#breadcrumb","itemListElement":[{"@type":"ListItem","position":1,"name":"Portada","item":"https:\/\/ttt.com.bo\/"},{"@type":"ListItem","position":2,"name":"Apple M3, la gran novedad para los nuevos MacBook Air 13&#8243; M3 y 15&#8243; M3"}]},{"@type":"WebSite","@id":"https:\/\/ttt.com.bo\/#website","url":"https:\/\/ttt.com.bo\/","name":"True Tech Bolivia","description":"Tecnolog\u00eda a tu alcance","publisher":{"@id":"https:\/\/ttt.com.bo\/#organization"},"potentialAction":[{"@type":"SearchAction","target":{"@type":"EntryPoint","urlTemplate":"https:\/\/ttt.com.bo\/?s={search_term_string}"},"query-input":{"@type":"PropertyValueSpecification","valueRequired":true,"valueName":"search_term_string"}}],"inLanguage":"es"},{"@type":"Organization","@id":"https:\/\/ttt.com.bo\/#organization","name":"The True Tech Bolivia","url":"https:\/\/ttt.com.bo\/","logo":{"@type":"ImageObject","inLanguage":"es","@id":"https:\/\/ttt.com.bo\/#\/schema\/logo\/image\/","url":"https:\/\/ttt.com.bo\/wp-content\/uploads\/2020\/09\/LOGO-05.png","contentUrl":"https:\/\/ttt.com.bo\/wp-content\/uploads\/2020\/09\/LOGO-05.png","width":1060,"height":1060,"caption":"The True Tech Bolivia"},"image":{"@id":"https:\/\/ttt.com.bo\/#\/schema\/logo\/image\/"},"sameAs":["https:\/\/www.facebook.com\/tioetruetech\/","https:\/\/x.com\/tiotruetech","https:\/\/www.instagram.com\/tioetruetech\/","https:\/\/www.youtube.com\/channel\/UCgTkcGccJ5oZANJnDq0TWwQ\/videos"]},{"@type":"Person","@id":"https:\/\/ttt.com.bo\/#\/schema\/person\/bffaa4669cb827e4132b78c4b9f72cc3","name":"Kevin Kupfreberg","image":{"@type":"ImageObject","inLanguage":"es","@id":"https:\/\/secure.gravatar.com\/avatar\/c6a0ea5d924212ef8110ed98bace664174890199855ab2aeadd7ca0363cc67ff?s=96&d=mm&r=g","url":"https:\/\/secure.gravatar.com\/avatar\/c6a0ea5d924212ef8110ed98bace664174890199855ab2aeadd7ca0363cc67ff?s=96&d=mm&r=g","contentUrl":"https:\/\/secure.gravatar.com\/avatar\/c6a0ea5d924212ef8110ed98bace664174890199855ab2aeadd7ca0363cc67ff?s=96&d=mm&r=g","caption":"Kevin Kupfreberg"},"description":"Periodista, comunicador social y especialista en SEO y marketing digital. Me apasiona escribir sobre diferentes temas, nichos, plataformas y tipos de p\u00fablicos. As\u00ed he trabajado en m\u00faltiples sitios web, tiendas ecommerce y blogs para cumplir con los requerimientos tanto del buyer persona como del cliente","url":"https:\/\/ttt.com.bo\/?author=12"}]}},"_links":{"self":[{"href":"https:\/\/ttt.com.bo\/index.php?rest_route=\/wp\/v2\/posts\/13232","targetHints":{"allow":["GET"]}}],"collection":[{"href":"https:\/\/ttt.com.bo\/index.php?rest_route=\/wp\/v2\/posts"}],"about":[{"href":"https:\/\/ttt.com.bo\/index.php?rest_route=\/wp\/v2\/types\/post"}],"author":[{"embeddable":true,"href":"https:\/\/ttt.com.bo\/index.php?rest_route=\/wp\/v2\/users\/12"}],"replies":[{"embeddable":true,"href":"https:\/\/ttt.com.bo\/index.php?rest_route=%2Fwp%2Fv2%2Fcomments&post=13232"}],"version-history":[{"count":2,"href":"https:\/\/ttt.com.bo\/index.php?rest_route=\/wp\/v2\/posts\/13232\/revisions"}],"predecessor-version":[{"id":13260,"href":"https:\/\/ttt.com.bo\/index.php?rest_route=\/wp\/v2\/posts\/13232\/revisions\/13260"}],"wp:featuredmedia":[{"embeddable":true,"href":"https:\/\/ttt.com.bo\/index.php?rest_route=\/wp\/v2\/media\/13233"}],"wp:attachment":[{"href":"https:\/\/ttt.com.bo\/index.php?rest_route=%2Fwp%2Fv2%2Fmedia&parent=13232"}],"wp:term":[{"taxonomy":"category","embeddable":true,"href":"https:\/\/ttt.com.bo\/index.php?rest_route=%2Fwp%2Fv2%2Fcategories&post=13232"},{"taxonomy":"post_tag","embeddable":true,"href":"https:\/\/ttt.com.bo\/index.php?rest_route=%2Fwp%2Fv2%2Ftags&post=13232"}],"curies":[{"name":"wp","href":"https:\/\/api.w.org\/{rel}","templated":true}]}}