{"id":13094,"date":"2024-02-08T10:00:00","date_gmt":"2024-02-08T14:00:00","guid":{"rendered":"https:\/\/ttt.com.bo\/?p=13094"},"modified":"2024-02-16T18:44:04","modified_gmt":"2024-02-16T22:44:04","slug":"iphone-plegables-caracteristicas","status":"publish","type":"post","link":"https:\/\/ttt.com.bo\/?p=13094","title":{"rendered":"\u00bfSe vienen los iPhone plegables? Todo lo que debes saber"},"content":{"rendered":"\n<p>En el siempre din\u00e1mico mundo de la tecnolog\u00eda, los rumores sobre los pr\u00f3ximos lanzamientos de Apple siempre despiertan una gran expectaci\u00f3n. Y esta vez, parece que la empresa de la manzana est\u00e1 preparando <a href=\"https:\/\/ttt.com.bo\/rumores-iphone-16\/\">algo verdaderamente innovador<\/a>: iPhone que se pueden plegar. Es decir, que se cambia su forma para que luzcan como una notebook para mayor comodidad.<\/p>\n\n\n\n<p>Seg\u00fan informes recientes, Apple est\u00e1 en proceso de desarrollo de al menos dos prototipos de iPhone plegables. Sin embargo, y como es habitual en la compa\u00f1\u00eda, la expectativa es alta, al igual que los desaf\u00edos. A continuaci\u00f3n te mostramos todo lo que se sabe hasta el momento y m\u00e1s.<\/p>\n\n\n\n<h2 class=\"wp-block-heading\">\u00bfC\u00f3mo ser\u00edan los nuevos iPhone plegables?<\/h2>\n\n\n\n<p>Los detalles filtrados sugieren que estos dispositivos adoptar\u00e1n un formato similar al de los populares Galaxy Z Flip5 de Samsung, con un pliegue horizontal en lugar de vertical. Esta elecci\u00f3n podr\u00eda ofrecer un dise\u00f1o m\u00e1s compacto y familiar para los usuarios de este dispositivo. En otras palabras, mantendr\u00e1 dimensiones similares a las de los modelos tradicionales una vez desplegados.<\/p>\n\n\n\n<p>No obstante, no todo son buenas noticias. Como suele ser el caso con la innovaci\u00f3n tecnol\u00f3gica, surgen obst\u00e1culos en el <a href=\"https:\/\/ttt.com.bo\/grafeno-en-el-iphone16\/\">camino hacia la perfecci\u00f3n<\/a>. En el caso de los iPhone plegables, la durabilidad y la calidad de la bisagra son preocupaciones clave. \u00bfPor qu\u00e9? B\u00e1sicamente, porque la posibilidad de que aparezcan marcas visibles en la pantalla tras el uso prolongado es un riesgo que la empresa no puede ignorar.<\/p>\n\n\n\n<p>Igualmente, a pesar de los desaf\u00edos, esta no es la primera vez que se rumorea sobre un iPhone plegable. Los entusiastas han estado especulando durante a\u00f1os sobre la posibilidad de que la compa\u00f1\u00eda americana incursione en este tipo de dispositivos. De hecho, algunos fan\u00e1ticos incluso han creado sus propios conceptos de forma no oficial.<\/p>\n\n\n\n<h2 class=\"wp-block-heading\">\u00bfCu\u00e1ndo llegar\u00edan y a d\u00f3nde?<\/h2>\n\n\n\n<p>Pese a los escasos avances, no son pocos los que se preguntan cu\u00e1ndo llegar\u00e1n los iPhone plegables. La respuesta es la siguiente: en 2026 o incluso despu\u00e9s. Si bien puede decepcionar tanta espera, esta podr\u00eda valer la pena si Apple logra superar los desaf\u00edos t\u00e9cnicos y ofrecer un producto de calidad.<\/p>\n\n\n\n<p>Aunque el CEO de Apple, Tim Cook, parece estar a favor del proyecto y se dice que ha expresado inter\u00e9s en un prototipo temprano con una pantalla de siete pulgadas, el futuro de los iPhone plegables a\u00fan no est\u00e1 garantizado. Esto se debe principalmente a los altos costos de fabricaci\u00f3n y al desaf\u00edo de justificar el precio premium ante los consumidores son preocupaciones adicionales que la empresa deber\u00e1 abordar.<\/p>\n\n\n\n<p>Cabe destacar que, aunque consta de un producto revolucionario, el mismo es posible gracias al \u00e9xito del dispositivo original, el cual ha evolucionado a lo largo de m\u00e1s de una d\u00e9cada y hoy ya cuenta con el n\u00famero 15. En este sentido, la esencia se mantendr\u00eda, pero con la particularidad de replegarse la pantalla cuando no se usa para mayor comodidad.<\/p>\n","protected":false},"excerpt":{"rendered":"<p>En el siempre din\u00e1mico mundo de la tecnolog\u00eda, los rumores sobre los pr\u00f3ximos lanzamientos de Apple siempre despiertan una gran expectaci\u00f3n. Y esta vez, parece que la empresa de la manzana est\u00e1 preparando algo verdaderamente&#8230;<\/p>\n","protected":false},"author":12,"featured_media":13095,"comment_status":"open","ping_status":"closed","sticky":true,"template":"","format":"standard","meta":{"footnotes":""},"categories":[48,459,2],"tags":[],"class_list":["post-13094","post","type-post","status-publish","format-standard","has-post-thumbnail","hentry","category-apple","category-blog","category-gadgets"],"yoast_head":"<!-- This site is optimized with the Yoast SEO plugin v27.4 - https:\/\/yoast.com\/product\/yoast-seo-wordpress\/ -->\n<title>\u00bfSe vienen los iPhone plegables? Todo lo que debes saber<\/title>\n<meta name=\"description\" content=\"Los iPhone plegables ya no son una utop\u00eda, ya que est\u00e1n cada vez m\u00e1s cerca. Conoce aqu\u00ed todo lo que se sabe hasta ahora y m\u00e1s.\" \/>\n<meta name=\"robots\" content=\"index, follow, max-snippet:-1, max-image-preview:large, max-video-preview:-1\" \/>\n<link rel=\"canonical\" href=\"https:\/\/ttt.com.bo\/?p=13094\" \/>\n<meta property=\"og:locale\" content=\"es_ES\" \/>\n<meta property=\"og:type\" content=\"article\" \/>\n<meta property=\"og:title\" content=\"\u00bfSe vienen los iPhone plegables? Todo lo que debes saber\" \/>\n<meta property=\"og:description\" content=\"Los iPhone plegables ya no son una utop\u00eda, ya que est\u00e1n cada vez m\u00e1s cerca. Conoce aqu\u00ed todo lo que se sabe hasta ahora y m\u00e1s.\" \/>\n<meta property=\"og:url\" content=\"https:\/\/ttt.com.bo\/?p=13094\" \/>\n<meta property=\"og:site_name\" content=\"True Tech Bolivia\" \/>\n<meta property=\"article:publisher\" content=\"https:\/\/www.facebook.com\/tioetruetech\/\" \/>\n<meta property=\"article:published_time\" content=\"2024-02-08T14:00:00+00:00\" \/>\n<meta property=\"article:modified_time\" content=\"2024-02-16T22:44:04+00:00\" \/>\n<meta property=\"og:image\" content=\"https:\/\/ttt.com.bo\/wp-content\/uploads\/2024\/02\/Asi-serian-los-iPhone-plegables.png\" \/>\n\t<meta property=\"og:image:width\" content=\"1350\" \/>\n\t<meta property=\"og:image:height\" content=\"650\" \/>\n\t<meta property=\"og:image:type\" content=\"image\/png\" \/>\n<meta name=\"author\" content=\"Kevin Kupfreberg\" \/>\n<meta name=\"twitter:card\" content=\"summary_large_image\" \/>\n<meta name=\"twitter:creator\" content=\"@tiotruetech\" \/>\n<meta name=\"twitter:site\" content=\"@tiotruetech\" \/>\n<meta name=\"twitter:label1\" content=\"Escrito por\" \/>\n\t<meta name=\"twitter:data1\" content=\"Kevin Kupfreberg\" \/>\n\t<meta name=\"twitter:label2\" content=\"Tiempo de lectura\" \/>\n\t<meta name=\"twitter:data2\" content=\"3 minutos\" \/>\n<script type=\"application\/ld+json\" class=\"yoast-schema-graph\">{\"@context\":\"https:\\\/\\\/schema.org\",\"@graph\":[{\"@type\":\"Article\",\"@id\":\"https:\\\/\\\/ttt.com.bo\\\/?p=13094#article\",\"isPartOf\":{\"@id\":\"https:\\\/\\\/ttt.com.bo\\\/?p=13094\"},\"author\":{\"name\":\"Kevin Kupfreberg\",\"@id\":\"https:\\\/\\\/ttt.com.bo\\\/#\\\/schema\\\/person\\\/bffaa4669cb827e4132b78c4b9f72cc3\"},\"headline\":\"\u00bfSe vienen los iPhone plegables? Todo lo que debes saber\",\"datePublished\":\"2024-02-08T14:00:00+00:00\",\"dateModified\":\"2024-02-16T22:44:04+00:00\",\"mainEntityOfPage\":{\"@id\":\"https:\\\/\\\/ttt.com.bo\\\/?p=13094\"},\"wordCount\":530,\"commentCount\":0,\"publisher\":{\"@id\":\"https:\\\/\\\/ttt.com.bo\\\/#organization\"},\"image\":{\"@id\":\"https:\\\/\\\/ttt.com.bo\\\/?p=13094#primaryimage\"},\"thumbnailUrl\":\"https:\\\/\\\/ttt.com.bo\\\/wp-content\\\/uploads\\\/2024\\\/02\\\/Asi-serian-los-iPhone-plegables.png\",\"articleSection\":[\"Apple\",\"Blogs\",\"Gadgets\"],\"inLanguage\":\"es\",\"potentialAction\":[{\"@type\":\"CommentAction\",\"name\":\"Comment\",\"target\":[\"https:\\\/\\\/ttt.com.bo\\\/?p=13094#respond\"]}]},{\"@type\":\"WebPage\",\"@id\":\"https:\\\/\\\/ttt.com.bo\\\/?p=13094\",\"url\":\"https:\\\/\\\/ttt.com.bo\\\/?p=13094\",\"name\":\"\u00bfSe vienen los iPhone plegables? Todo lo que debes saber\",\"isPartOf\":{\"@id\":\"https:\\\/\\\/ttt.com.bo\\\/#website\"},\"primaryImageOfPage\":{\"@id\":\"https:\\\/\\\/ttt.com.bo\\\/?p=13094#primaryimage\"},\"image\":{\"@id\":\"https:\\\/\\\/ttt.com.bo\\\/?p=13094#primaryimage\"},\"thumbnailUrl\":\"https:\\\/\\\/ttt.com.bo\\\/wp-content\\\/uploads\\\/2024\\\/02\\\/Asi-serian-los-iPhone-plegables.png\",\"datePublished\":\"2024-02-08T14:00:00+00:00\",\"dateModified\":\"2024-02-16T22:44:04+00:00\",\"description\":\"Los iPhone plegables ya no son una utop\u00eda, ya que est\u00e1n cada vez m\u00e1s cerca. Conoce aqu\u00ed todo lo que se sabe hasta ahora y m\u00e1s.\",\"breadcrumb\":{\"@id\":\"https:\\\/\\\/ttt.com.bo\\\/?p=13094#breadcrumb\"},\"inLanguage\":\"es\",\"potentialAction\":[{\"@type\":\"ReadAction\",\"target\":[\"https:\\\/\\\/ttt.com.bo\\\/?p=13094\"]}]},{\"@type\":\"ImageObject\",\"inLanguage\":\"es\",\"@id\":\"https:\\\/\\\/ttt.com.bo\\\/?p=13094#primaryimage\",\"url\":\"https:\\\/\\\/ttt.com.bo\\\/wp-content\\\/uploads\\\/2024\\\/02\\\/Asi-serian-los-iPhone-plegables.png\",\"contentUrl\":\"https:\\\/\\\/ttt.com.bo\\\/wp-content\\\/uploads\\\/2024\\\/02\\\/Asi-serian-los-iPhone-plegables.png\",\"width\":1350,\"height\":650,\"caption\":\"Todo sobre los iPhone plegables que se avecinan\"},{\"@type\":\"BreadcrumbList\",\"@id\":\"https:\\\/\\\/ttt.com.bo\\\/?p=13094#breadcrumb\",\"itemListElement\":[{\"@type\":\"ListItem\",\"position\":1,\"name\":\"Portada\",\"item\":\"https:\\\/\\\/ttt.com.bo\\\/\"},{\"@type\":\"ListItem\",\"position\":2,\"name\":\"\u00bfSe vienen los iPhone plegables? Todo lo que debes saber\"}]},{\"@type\":\"WebSite\",\"@id\":\"https:\\\/\\\/ttt.com.bo\\\/#website\",\"url\":\"https:\\\/\\\/ttt.com.bo\\\/\",\"name\":\"True Tech Bolivia\",\"description\":\"Tecnolog\u00eda a tu alcance\",\"publisher\":{\"@id\":\"https:\\\/\\\/ttt.com.bo\\\/#organization\"},\"potentialAction\":[{\"@type\":\"SearchAction\",\"target\":{\"@type\":\"EntryPoint\",\"urlTemplate\":\"https:\\\/\\\/ttt.com.bo\\\/?s={search_term_string}\"},\"query-input\":{\"@type\":\"PropertyValueSpecification\",\"valueRequired\":true,\"valueName\":\"search_term_string\"}}],\"inLanguage\":\"es\"},{\"@type\":\"Organization\",\"@id\":\"https:\\\/\\\/ttt.com.bo\\\/#organization\",\"name\":\"The True Tech Bolivia\",\"url\":\"https:\\\/\\\/ttt.com.bo\\\/\",\"logo\":{\"@type\":\"ImageObject\",\"inLanguage\":\"es\",\"@id\":\"https:\\\/\\\/ttt.com.bo\\\/#\\\/schema\\\/logo\\\/image\\\/\",\"url\":\"https:\\\/\\\/ttt.com.bo\\\/wp-content\\\/uploads\\\/2020\\\/09\\\/LOGO-05.png\",\"contentUrl\":\"https:\\\/\\\/ttt.com.bo\\\/wp-content\\\/uploads\\\/2020\\\/09\\\/LOGO-05.png\",\"width\":1060,\"height\":1060,\"caption\":\"The True Tech Bolivia\"},\"image\":{\"@id\":\"https:\\\/\\\/ttt.com.bo\\\/#\\\/schema\\\/logo\\\/image\\\/\"},\"sameAs\":[\"https:\\\/\\\/www.facebook.com\\\/tioetruetech\\\/\",\"https:\\\/\\\/x.com\\\/tiotruetech\",\"https:\\\/\\\/www.instagram.com\\\/tioetruetech\\\/\",\"https:\\\/\\\/www.youtube.com\\\/channel\\\/UCgTkcGccJ5oZANJnDq0TWwQ\\\/videos\"]},{\"@type\":\"Person\",\"@id\":\"https:\\\/\\\/ttt.com.bo\\\/#\\\/schema\\\/person\\\/bffaa4669cb827e4132b78c4b9f72cc3\",\"name\":\"Kevin Kupfreberg\",\"image\":{\"@type\":\"ImageObject\",\"inLanguage\":\"es\",\"@id\":\"https:\\\/\\\/secure.gravatar.com\\\/avatar\\\/c6a0ea5d924212ef8110ed98bace664174890199855ab2aeadd7ca0363cc67ff?s=96&d=mm&r=g\",\"url\":\"https:\\\/\\\/secure.gravatar.com\\\/avatar\\\/c6a0ea5d924212ef8110ed98bace664174890199855ab2aeadd7ca0363cc67ff?s=96&d=mm&r=g\",\"contentUrl\":\"https:\\\/\\\/secure.gravatar.com\\\/avatar\\\/c6a0ea5d924212ef8110ed98bace664174890199855ab2aeadd7ca0363cc67ff?s=96&d=mm&r=g\",\"caption\":\"Kevin Kupfreberg\"},\"description\":\"Periodista, comunicador social y especialista en SEO y marketing digital. Me apasiona escribir sobre diferentes temas, nichos, plataformas y tipos de p\u00fablicos. As\u00ed he trabajado en m\u00faltiples sitios web, tiendas ecommerce y blogs para cumplir con los requerimientos tanto del buyer persona como del cliente\",\"url\":\"https:\\\/\\\/ttt.com.bo\\\/?author=12\"}]}<\/script>\n<!-- \/ Yoast SEO plugin. -->","yoast_head_json":{"title":"\u00bfSe vienen los iPhone plegables? Todo lo que debes saber","description":"Los iPhone plegables ya no son una utop\u00eda, ya que est\u00e1n cada vez m\u00e1s cerca. Conoce aqu\u00ed todo lo que se sabe hasta ahora y m\u00e1s.","robots":{"index":"index","follow":"follow","max-snippet":"max-snippet:-1","max-image-preview":"max-image-preview:large","max-video-preview":"max-video-preview:-1"},"canonical":"https:\/\/ttt.com.bo\/?p=13094","og_locale":"es_ES","og_type":"article","og_title":"\u00bfSe vienen los iPhone plegables? Todo lo que debes saber","og_description":"Los iPhone plegables ya no son una utop\u00eda, ya que est\u00e1n cada vez m\u00e1s cerca. Conoce aqu\u00ed todo lo que se sabe hasta ahora y m\u00e1s.","og_url":"https:\/\/ttt.com.bo\/?p=13094","og_site_name":"True Tech Bolivia","article_publisher":"https:\/\/www.facebook.com\/tioetruetech\/","article_published_time":"2024-02-08T14:00:00+00:00","article_modified_time":"2024-02-16T22:44:04+00:00","og_image":[{"width":1350,"height":650,"url":"https:\/\/ttt.com.bo\/wp-content\/uploads\/2024\/02\/Asi-serian-los-iPhone-plegables.png","type":"image\/png"}],"author":"Kevin Kupfreberg","twitter_card":"summary_large_image","twitter_creator":"@tiotruetech","twitter_site":"@tiotruetech","twitter_misc":{"Escrito por":"Kevin Kupfreberg","Tiempo de lectura":"3 minutos"},"schema":{"@context":"https:\/\/schema.org","@graph":[{"@type":"Article","@id":"https:\/\/ttt.com.bo\/?p=13094#article","isPartOf":{"@id":"https:\/\/ttt.com.bo\/?p=13094"},"author":{"name":"Kevin Kupfreberg","@id":"https:\/\/ttt.com.bo\/#\/schema\/person\/bffaa4669cb827e4132b78c4b9f72cc3"},"headline":"\u00bfSe vienen los iPhone plegables? Todo lo que debes saber","datePublished":"2024-02-08T14:00:00+00:00","dateModified":"2024-02-16T22:44:04+00:00","mainEntityOfPage":{"@id":"https:\/\/ttt.com.bo\/?p=13094"},"wordCount":530,"commentCount":0,"publisher":{"@id":"https:\/\/ttt.com.bo\/#organization"},"image":{"@id":"https:\/\/ttt.com.bo\/?p=13094#primaryimage"},"thumbnailUrl":"https:\/\/ttt.com.bo\/wp-content\/uploads\/2024\/02\/Asi-serian-los-iPhone-plegables.png","articleSection":["Apple","Blogs","Gadgets"],"inLanguage":"es","potentialAction":[{"@type":"CommentAction","name":"Comment","target":["https:\/\/ttt.com.bo\/?p=13094#respond"]}]},{"@type":"WebPage","@id":"https:\/\/ttt.com.bo\/?p=13094","url":"https:\/\/ttt.com.bo\/?p=13094","name":"\u00bfSe vienen los iPhone plegables? Todo lo que debes saber","isPartOf":{"@id":"https:\/\/ttt.com.bo\/#website"},"primaryImageOfPage":{"@id":"https:\/\/ttt.com.bo\/?p=13094#primaryimage"},"image":{"@id":"https:\/\/ttt.com.bo\/?p=13094#primaryimage"},"thumbnailUrl":"https:\/\/ttt.com.bo\/wp-content\/uploads\/2024\/02\/Asi-serian-los-iPhone-plegables.png","datePublished":"2024-02-08T14:00:00+00:00","dateModified":"2024-02-16T22:44:04+00:00","description":"Los iPhone plegables ya no son una utop\u00eda, ya que est\u00e1n cada vez m\u00e1s cerca. Conoce aqu\u00ed todo lo que se sabe hasta ahora y m\u00e1s.","breadcrumb":{"@id":"https:\/\/ttt.com.bo\/?p=13094#breadcrumb"},"inLanguage":"es","potentialAction":[{"@type":"ReadAction","target":["https:\/\/ttt.com.bo\/?p=13094"]}]},{"@type":"ImageObject","inLanguage":"es","@id":"https:\/\/ttt.com.bo\/?p=13094#primaryimage","url":"https:\/\/ttt.com.bo\/wp-content\/uploads\/2024\/02\/Asi-serian-los-iPhone-plegables.png","contentUrl":"https:\/\/ttt.com.bo\/wp-content\/uploads\/2024\/02\/Asi-serian-los-iPhone-plegables.png","width":1350,"height":650,"caption":"Todo sobre los iPhone plegables que se avecinan"},{"@type":"BreadcrumbList","@id":"https:\/\/ttt.com.bo\/?p=13094#breadcrumb","itemListElement":[{"@type":"ListItem","position":1,"name":"Portada","item":"https:\/\/ttt.com.bo\/"},{"@type":"ListItem","position":2,"name":"\u00bfSe vienen los iPhone plegables? Todo lo que debes saber"}]},{"@type":"WebSite","@id":"https:\/\/ttt.com.bo\/#website","url":"https:\/\/ttt.com.bo\/","name":"True Tech Bolivia","description":"Tecnolog\u00eda a tu alcance","publisher":{"@id":"https:\/\/ttt.com.bo\/#organization"},"potentialAction":[{"@type":"SearchAction","target":{"@type":"EntryPoint","urlTemplate":"https:\/\/ttt.com.bo\/?s={search_term_string}"},"query-input":{"@type":"PropertyValueSpecification","valueRequired":true,"valueName":"search_term_string"}}],"inLanguage":"es"},{"@type":"Organization","@id":"https:\/\/ttt.com.bo\/#organization","name":"The True Tech Bolivia","url":"https:\/\/ttt.com.bo\/","logo":{"@type":"ImageObject","inLanguage":"es","@id":"https:\/\/ttt.com.bo\/#\/schema\/logo\/image\/","url":"https:\/\/ttt.com.bo\/wp-content\/uploads\/2020\/09\/LOGO-05.png","contentUrl":"https:\/\/ttt.com.bo\/wp-content\/uploads\/2020\/09\/LOGO-05.png","width":1060,"height":1060,"caption":"The True Tech Bolivia"},"image":{"@id":"https:\/\/ttt.com.bo\/#\/schema\/logo\/image\/"},"sameAs":["https:\/\/www.facebook.com\/tioetruetech\/","https:\/\/x.com\/tiotruetech","https:\/\/www.instagram.com\/tioetruetech\/","https:\/\/www.youtube.com\/channel\/UCgTkcGccJ5oZANJnDq0TWwQ\/videos"]},{"@type":"Person","@id":"https:\/\/ttt.com.bo\/#\/schema\/person\/bffaa4669cb827e4132b78c4b9f72cc3","name":"Kevin Kupfreberg","image":{"@type":"ImageObject","inLanguage":"es","@id":"https:\/\/secure.gravatar.com\/avatar\/c6a0ea5d924212ef8110ed98bace664174890199855ab2aeadd7ca0363cc67ff?s=96&d=mm&r=g","url":"https:\/\/secure.gravatar.com\/avatar\/c6a0ea5d924212ef8110ed98bace664174890199855ab2aeadd7ca0363cc67ff?s=96&d=mm&r=g","contentUrl":"https:\/\/secure.gravatar.com\/avatar\/c6a0ea5d924212ef8110ed98bace664174890199855ab2aeadd7ca0363cc67ff?s=96&d=mm&r=g","caption":"Kevin Kupfreberg"},"description":"Periodista, comunicador social y especialista en SEO y marketing digital. Me apasiona escribir sobre diferentes temas, nichos, plataformas y tipos de p\u00fablicos. As\u00ed he trabajado en m\u00faltiples sitios web, tiendas ecommerce y blogs para cumplir con los requerimientos tanto del buyer persona como del cliente","url":"https:\/\/ttt.com.bo\/?author=12"}]}},"_links":{"self":[{"href":"https:\/\/ttt.com.bo\/index.php?rest_route=\/wp\/v2\/posts\/13094","targetHints":{"allow":["GET"]}}],"collection":[{"href":"https:\/\/ttt.com.bo\/index.php?rest_route=\/wp\/v2\/posts"}],"about":[{"href":"https:\/\/ttt.com.bo\/index.php?rest_route=\/wp\/v2\/types\/post"}],"author":[{"embeddable":true,"href":"https:\/\/ttt.com.bo\/index.php?rest_route=\/wp\/v2\/users\/12"}],"replies":[{"embeddable":true,"href":"https:\/\/ttt.com.bo\/index.php?rest_route=%2Fwp%2Fv2%2Fcomments&post=13094"}],"version-history":[{"count":1,"href":"https:\/\/ttt.com.bo\/index.php?rest_route=\/wp\/v2\/posts\/13094\/revisions"}],"predecessor-version":[{"id":13097,"href":"https:\/\/ttt.com.bo\/index.php?rest_route=\/wp\/v2\/posts\/13094\/revisions\/13097"}],"wp:featuredmedia":[{"embeddable":true,"href":"https:\/\/ttt.com.bo\/index.php?rest_route=\/wp\/v2\/media\/13095"}],"wp:attachment":[{"href":"https:\/\/ttt.com.bo\/index.php?rest_route=%2Fwp%2Fv2%2Fmedia&parent=13094"}],"wp:term":[{"taxonomy":"category","embeddable":true,"href":"https:\/\/ttt.com.bo\/index.php?rest_route=%2Fwp%2Fv2%2Fcategories&post=13094"},{"taxonomy":"post_tag","embeddable":true,"href":"https:\/\/ttt.com.bo\/index.php?rest_route=%2Fwp%2Fv2%2Ftags&post=13094"}],"curies":[{"name":"wp","href":"https:\/\/api.w.org\/{rel}","templated":true}]}}