{"id":12701,"date":"2023-12-04T16:42:03","date_gmt":"2023-12-04T20:42:03","guid":{"rendered":"https:\/\/ttt.com.bo\/?p=12701"},"modified":"2023-12-04T16:42:05","modified_gmt":"2023-12-04T20:42:05","slug":"lanzamiento-oneplus-12","status":"publish","type":"post","link":"https:\/\/ttt.com.bo\/?p=12701","title":{"rendered":"OnePlus anuncia la fecha del lanzamiento del OnePlus 12"},"content":{"rendered":"\n<p>El OnePlus 12 se lleva filtrando pr\u00e1cticamente al completo desde hace semanas. Ahora ha sido la propia compa\u00f1\u00eda la que ha desvelado de forma oficial las primeras im\u00e1genes del dispositivo. De aqu\u00ed en adelante, toda informaci\u00f3n dejan de ser rumores, noticias y filtraciones, ya que se sabe que es un smartphone que, eso s\u00ed, va a ser uno de los mejores equipos de OnePlus.<\/p>\n\n\n\n<p>A continuaci\u00f3n, te contamos m\u00e1s detalles al respecto.<\/p>\n\n\n\n<figure class=\"wp-block-image size-large\"><img loading=\"lazy\" decoding=\"async\" width=\"1024\" height=\"512\" src=\"https:\/\/ttt.com.bo\/wp-content\/uploads\/2023\/11\/OnePlus-anuncia-la-fecha-del-lanzamiento-del-OnePlus-12-1024x512.webp\" alt=\"\" class=\"wp-image-12704\" srcset=\"https:\/\/ttt.com.bo\/wp-content\/uploads\/2023\/11\/OnePlus-anuncia-la-fecha-del-lanzamiento-del-OnePlus-12-1024x512.webp 1024w, https:\/\/ttt.com.bo\/wp-content\/uploads\/2023\/11\/OnePlus-anuncia-la-fecha-del-lanzamiento-del-OnePlus-12-300x150.webp 300w, https:\/\/ttt.com.bo\/wp-content\/uploads\/2023\/11\/OnePlus-anuncia-la-fecha-del-lanzamiento-del-OnePlus-12-768x384.webp 768w, https:\/\/ttt.com.bo\/wp-content\/uploads\/2023\/11\/OnePlus-anuncia-la-fecha-del-lanzamiento-del-OnePlus-12-360x180.webp 360w, https:\/\/ttt.com.bo\/wp-content\/uploads\/2023\/11\/OnePlus-anuncia-la-fecha-del-lanzamiento-del-OnePlus-12.webp 1200w\" sizes=\"auto, (max-width: 1024px) 100vw, 1024px\" \/><\/figure>\n\n\n\n<h2 class=\"wp-block-heading\">Diferencias de One Plus 12 con anteriores equipos<\/h2>\n\n\n\n<p>El OnePlus 12 ser\u00e1 un terminal con mucha identidad visual. El m\u00f3dulo de c\u00e1mara ser\u00e1 a\u00fan mayor que el visto en la generaci\u00f3n OnePlus 11, y la nueva gama de colores pretende revitalizar un modelo continuista en dise\u00f1o, pero que apunta a ser uno de los nuevos referentes en hardware.<\/p>\n\n\n\n<p>Hasta ahora, todos los tel\u00e9fonos insignia de OnePlus presentaban el interruptor de silencio\/vibraci\u00f3n encima de los botones de volumen en el lado derecho. Pero el OnePlus 12 lo est\u00e1 desplazando hacia el lado izquierdo y OnePlus tiene una buena raz\u00f3n para ello.<\/p>\n\n\n\n<h2 class=\"wp-block-heading\">Caracter\u00edsticas del OnePlus 12<\/h2>\n\n\n\n<p>Sobre los tres acabados, parecen de vidrio con las tradicionales tonalidades blanca y negra, adem\u00e1s de una curiosa y atractiva terminaci\u00f3n que simula el m\u00e1rmol en colores verdosos.<\/p>\n\n\n\n<p>OnePlus tambi\u00e9n ha confirmado la presencia de una lente de periscopio en su pr\u00f3ximo buque insignia. El OnePlus 12 lucir\u00e1 una c\u00e1mara con teleobjetivo periscopio de 3x, que ir\u00e1 acompa\u00f1ada de la C\u00e1mara Hasselblad de cuarta generaci\u00f3n para dispositivos m\u00f3viles. Puede esperar un mejor ajuste del color con la integraci\u00f3n de Hasselblad de pr\u00f3xima generaci\u00f3n. <\/p>\n\n\n\n<p>El OnePlus 12 presenta un patr\u00f3n texturizado en las opciones de color verde, que se dice que replica \u00ablos hilos entrelazados y da vida vibrante al dispositivo\u00bb y la compa\u00f1\u00eda lo etiqueta como \u00abDart River\u00bb. Independientemente de lo que diga el equipo de marketing de OnePlus o de c\u00f3mo quiera entrelazar el dise\u00f1o con la naturaleza, no hay duda de que el nuevo patr\u00f3n en la parte posterior se ve magn\u00edfico. Los otros dos colores incluyen el plateado (que luce elegante) y el negro, que es similar al OnePlus 11.<\/p>\n\n\n\n<p>El OnePlus 12 tendr\u00e1 una c\u00e1mara con sensor Lytia, en lugar de los cl\u00e1sicos IMX. Estos sensores apilados est\u00e1n demostrando un rendimiento espectacular, por lo que OnePlus, en colaboraci\u00f3n con Hasselblad, dar\u00eda un importante salto hacia delante.<\/p>\n\n\n\n<p>La presentaci\u00f3n oficial del OnePlus 12 ser\u00e1 el 5 de diciembre. Para el 4 de diciembre, la fecha que se esperaba inicialmente, habr\u00e1 un evento separado en el que se conmemorar\u00e1n los diez a\u00f1os de trayectoria de la compa\u00f1\u00eda.<\/p>\n\n\n\n<p>Para m\u00e1s informaci\u00f3n, visita la <a href=\"https:\/\/www.oneplus.com\/us\">web<\/a> de OnePlus. O tambi\u00e9n puedes leer alguno de estos <a href=\"https:\/\/ttt.com.bo\/?s=oneplus\">art\u00edculos<\/a> relacionados a equipos anteriores de OnePlus.<\/p>\n","protected":false},"excerpt":{"rendered":"<p>OnePlus anuncia la fecha del lanzamiento del OnePlus 12<\/p>\n","protected":false},"author":8,"featured_media":12702,"comment_status":"open","ping_status":"closed","sticky":true,"template":"","format":"standard","meta":{"footnotes":""},"categories":[459,35],"tags":[],"class_list":["post-12701","post","type-post","status-publish","format-standard","has-post-thumbnail","hentry","category-blog","category-moviles"],"yoast_head":"<!-- This site is optimized with the Yoast SEO plugin v27.5 - https:\/\/yoast.com\/product\/yoast-seo-wordpress\/ -->\n<title>OnePlus anuncia la fecha del lanzamiento del OnePlus 12 - True Tech Bolivia<\/title>\n<meta name=\"description\" content=\"El OnePlus 12 se lleva filtrando pr\u00e1cticamente al completo desde hace semanas y aqu\u00ed te contamos todo lo que necesitas saber.\" \/>\n<meta name=\"robots\" content=\"index, follow, max-snippet:-1, max-image-preview:large, max-video-preview:-1\" \/>\n<link rel=\"canonical\" href=\"https:\/\/ttt.com.bo\/?p=12701\" \/>\n<meta property=\"og:locale\" content=\"es_ES\" \/>\n<meta property=\"og:type\" content=\"article\" \/>\n<meta property=\"og:title\" content=\"OnePlus anuncia la fecha del lanzamiento del OnePlus 12 - True Tech Bolivia\" \/>\n<meta property=\"og:description\" content=\"El OnePlus 12 se lleva filtrando pr\u00e1cticamente al completo desde hace semanas y aqu\u00ed te contamos todo lo que necesitas saber.\" \/>\n<meta property=\"og:url\" content=\"https:\/\/ttt.com.bo\/?p=12701\" \/>\n<meta property=\"og:site_name\" content=\"True Tech Bolivia\" \/>\n<meta property=\"article:publisher\" content=\"https:\/\/www.facebook.com\/tioetruetech\/\" \/>\n<meta property=\"article:author\" content=\"https:\/\/www.facebook.com\/parquich\/\" \/>\n<meta property=\"article:published_time\" content=\"2023-12-04T20:42:03+00:00\" \/>\n<meta property=\"article:modified_time\" content=\"2023-12-04T20:42:05+00:00\" \/>\n<meta property=\"og:image\" content=\"https:\/\/ttt.com.bo\/wp-content\/uploads\/2023\/11\/OnePlus-anuncia-la-fecha-del-lanzamiento-del-OnePlus-12.png\" \/>\n\t<meta property=\"og:image:width\" content=\"1350\" \/>\n\t<meta property=\"og:image:height\" content=\"650\" \/>\n\t<meta property=\"og:image:type\" content=\"image\/png\" \/>\n<meta name=\"author\" content=\"Pablo Quiroz\" \/>\n<meta name=\"twitter:card\" content=\"summary_large_image\" \/>\n<meta name=\"twitter:creator\" content=\"@tiotruetech\" \/>\n<meta name=\"twitter:site\" content=\"@tiotruetech\" \/>\n<meta name=\"twitter:label1\" content=\"Escrito por\" \/>\n\t<meta name=\"twitter:data1\" content=\"Pablo Quiroz\" \/>\n\t<meta name=\"twitter:label2\" content=\"Tiempo de lectura\" \/>\n\t<meta name=\"twitter:data2\" content=\"3 minutos\" \/>\n<script type=\"application\/ld+json\" class=\"yoast-schema-graph\">{\"@context\":\"https:\\\/\\\/schema.org\",\"@graph\":[{\"@type\":\"Article\",\"@id\":\"https:\\\/\\\/ttt.com.bo\\\/?p=12701#article\",\"isPartOf\":{\"@id\":\"https:\\\/\\\/ttt.com.bo\\\/?p=12701\"},\"author\":{\"name\":\"Pablo Quiroz\",\"@id\":\"https:\\\/\\\/ttt.com.bo\\\/#\\\/schema\\\/person\\\/fbb90c0b606c0e222c31099bcbd72325\"},\"headline\":\"OnePlus anuncia la fecha del lanzamiento del OnePlus 12\",\"datePublished\":\"2023-12-04T20:42:03+00:00\",\"dateModified\":\"2023-12-04T20:42:05+00:00\",\"mainEntityOfPage\":{\"@id\":\"https:\\\/\\\/ttt.com.bo\\\/?p=12701\"},\"wordCount\":490,\"commentCount\":0,\"publisher\":{\"@id\":\"https:\\\/\\\/ttt.com.bo\\\/#organization\"},\"image\":{\"@id\":\"https:\\\/\\\/ttt.com.bo\\\/?p=12701#primaryimage\"},\"thumbnailUrl\":\"https:\\\/\\\/ttt.com.bo\\\/wp-content\\\/uploads\\\/2023\\\/11\\\/OnePlus-anuncia-la-fecha-del-lanzamiento-del-OnePlus-12.png\",\"articleSection\":[\"Blogs\",\"M\u00f3viles\"],\"inLanguage\":\"es\",\"potentialAction\":[{\"@type\":\"CommentAction\",\"name\":\"Comment\",\"target\":[\"https:\\\/\\\/ttt.com.bo\\\/?p=12701#respond\"]}]},{\"@type\":\"WebPage\",\"@id\":\"https:\\\/\\\/ttt.com.bo\\\/?p=12701\",\"url\":\"https:\\\/\\\/ttt.com.bo\\\/?p=12701\",\"name\":\"OnePlus anuncia la fecha del lanzamiento del OnePlus 12 - True Tech Bolivia\",\"isPartOf\":{\"@id\":\"https:\\\/\\\/ttt.com.bo\\\/#website\"},\"primaryImageOfPage\":{\"@id\":\"https:\\\/\\\/ttt.com.bo\\\/?p=12701#primaryimage\"},\"image\":{\"@id\":\"https:\\\/\\\/ttt.com.bo\\\/?p=12701#primaryimage\"},\"thumbnailUrl\":\"https:\\\/\\\/ttt.com.bo\\\/wp-content\\\/uploads\\\/2023\\\/11\\\/OnePlus-anuncia-la-fecha-del-lanzamiento-del-OnePlus-12.png\",\"datePublished\":\"2023-12-04T20:42:03+00:00\",\"dateModified\":\"2023-12-04T20:42:05+00:00\",\"description\":\"El OnePlus 12 se lleva filtrando pr\u00e1cticamente al completo desde hace semanas y aqu\u00ed te contamos todo lo que necesitas saber.\",\"breadcrumb\":{\"@id\":\"https:\\\/\\\/ttt.com.bo\\\/?p=12701#breadcrumb\"},\"inLanguage\":\"es\",\"potentialAction\":[{\"@type\":\"ReadAction\",\"target\":[\"https:\\\/\\\/ttt.com.bo\\\/?p=12701\"]}]},{\"@type\":\"ImageObject\",\"inLanguage\":\"es\",\"@id\":\"https:\\\/\\\/ttt.com.bo\\\/?p=12701#primaryimage\",\"url\":\"https:\\\/\\\/ttt.com.bo\\\/wp-content\\\/uploads\\\/2023\\\/11\\\/OnePlus-anuncia-la-fecha-del-lanzamiento-del-OnePlus-12.png\",\"contentUrl\":\"https:\\\/\\\/ttt.com.bo\\\/wp-content\\\/uploads\\\/2023\\\/11\\\/OnePlus-anuncia-la-fecha-del-lanzamiento-del-OnePlus-12.png\",\"width\":1350,\"height\":650,\"caption\":\"OnePlus anuncia la fecha del lanzamiento del OnePlus 12\"},{\"@type\":\"BreadcrumbList\",\"@id\":\"https:\\\/\\\/ttt.com.bo\\\/?p=12701#breadcrumb\",\"itemListElement\":[{\"@type\":\"ListItem\",\"position\":1,\"name\":\"Portada\",\"item\":\"https:\\\/\\\/ttt.com.bo\\\/\"},{\"@type\":\"ListItem\",\"position\":2,\"name\":\"OnePlus anuncia la fecha del lanzamiento del OnePlus 12\"}]},{\"@type\":\"WebSite\",\"@id\":\"https:\\\/\\\/ttt.com.bo\\\/#website\",\"url\":\"https:\\\/\\\/ttt.com.bo\\\/\",\"name\":\"True Tech Bolivia\",\"description\":\"Tecnolog\u00eda a tu alcance\",\"publisher\":{\"@id\":\"https:\\\/\\\/ttt.com.bo\\\/#organization\"},\"potentialAction\":[{\"@type\":\"SearchAction\",\"target\":{\"@type\":\"EntryPoint\",\"urlTemplate\":\"https:\\\/\\\/ttt.com.bo\\\/?s={search_term_string}\"},\"query-input\":{\"@type\":\"PropertyValueSpecification\",\"valueRequired\":true,\"valueName\":\"search_term_string\"}}],\"inLanguage\":\"es\"},{\"@type\":\"Organization\",\"@id\":\"https:\\\/\\\/ttt.com.bo\\\/#organization\",\"name\":\"The True Tech Bolivia\",\"url\":\"https:\\\/\\\/ttt.com.bo\\\/\",\"logo\":{\"@type\":\"ImageObject\",\"inLanguage\":\"es\",\"@id\":\"https:\\\/\\\/ttt.com.bo\\\/#\\\/schema\\\/logo\\\/image\\\/\",\"url\":\"https:\\\/\\\/ttt.com.bo\\\/wp-content\\\/uploads\\\/2020\\\/09\\\/LOGO-05.png\",\"contentUrl\":\"https:\\\/\\\/ttt.com.bo\\\/wp-content\\\/uploads\\\/2020\\\/09\\\/LOGO-05.png\",\"width\":1060,\"height\":1060,\"caption\":\"The True Tech Bolivia\"},\"image\":{\"@id\":\"https:\\\/\\\/ttt.com.bo\\\/#\\\/schema\\\/logo\\\/image\\\/\"},\"sameAs\":[\"https:\\\/\\\/www.facebook.com\\\/tioetruetech\\\/\",\"https:\\\/\\\/x.com\\\/tiotruetech\",\"https:\\\/\\\/www.instagram.com\\\/tioetruetech\\\/\",\"https:\\\/\\\/www.youtube.com\\\/channel\\\/UCgTkcGccJ5oZANJnDq0TWwQ\\\/videos\"]},{\"@type\":\"Person\",\"@id\":\"https:\\\/\\\/ttt.com.bo\\\/#\\\/schema\\\/person\\\/fbb90c0b606c0e222c31099bcbd72325\",\"name\":\"Pablo Quiroz\",\"image\":{\"@type\":\"ImageObject\",\"inLanguage\":\"es\",\"@id\":\"https:\\\/\\\/secure.gravatar.com\\\/avatar\\\/389ce7aafcf7c0a9ef4db1f0acb88c5714a594b1a68a9f3685df6c5211551f12?s=96&d=mm&r=g\",\"url\":\"https:\\\/\\\/secure.gravatar.com\\\/avatar\\\/389ce7aafcf7c0a9ef4db1f0acb88c5714a594b1a68a9f3685df6c5211551f12?s=96&d=mm&r=g\",\"contentUrl\":\"https:\\\/\\\/secure.gravatar.com\\\/avatar\\\/389ce7aafcf7c0a9ef4db1f0acb88c5714a594b1a68a9f3685df6c5211551f12?s=96&d=mm&r=g\",\"caption\":\"Pablo Quiroz\"},\"description\":\"Apasionado por el marketing digital, creador de contenido para redes sociales, dise\u00f1ador gr\u00e1fico y periodista digital.\",\"sameAs\":[\"https:\\\/\\\/www.facebook.com\\\/parquich\\\/\",\"https:\\\/\\\/www.instagram.com\\\/par_quich\\\/\",\"https:\\\/\\\/www.linkedin.com\\\/in\\\/parquich\\\/\"],\"url\":\"https:\\\/\\\/ttt.com.bo\\\/?author=8\"}]}<\/script>\n<!-- \/ Yoast SEO plugin. -->","yoast_head_json":{"title":"OnePlus anuncia la fecha del lanzamiento del OnePlus 12 - True Tech Bolivia","description":"El OnePlus 12 se lleva filtrando pr\u00e1cticamente al completo desde hace semanas y aqu\u00ed te contamos todo lo que necesitas saber.","robots":{"index":"index","follow":"follow","max-snippet":"max-snippet:-1","max-image-preview":"max-image-preview:large","max-video-preview":"max-video-preview:-1"},"canonical":"https:\/\/ttt.com.bo\/?p=12701","og_locale":"es_ES","og_type":"article","og_title":"OnePlus anuncia la fecha del lanzamiento del OnePlus 12 - True Tech Bolivia","og_description":"El OnePlus 12 se lleva filtrando pr\u00e1cticamente al completo desde hace semanas y aqu\u00ed te contamos todo lo que necesitas saber.","og_url":"https:\/\/ttt.com.bo\/?p=12701","og_site_name":"True Tech Bolivia","article_publisher":"https:\/\/www.facebook.com\/tioetruetech\/","article_author":"https:\/\/www.facebook.com\/parquich\/","article_published_time":"2023-12-04T20:42:03+00:00","article_modified_time":"2023-12-04T20:42:05+00:00","og_image":[{"width":1350,"height":650,"url":"https:\/\/ttt.com.bo\/wp-content\/uploads\/2023\/11\/OnePlus-anuncia-la-fecha-del-lanzamiento-del-OnePlus-12.png","type":"image\/png"}],"author":"Pablo Quiroz","twitter_card":"summary_large_image","twitter_creator":"@tiotruetech","twitter_site":"@tiotruetech","twitter_misc":{"Escrito por":"Pablo Quiroz","Tiempo de lectura":"3 minutos"},"schema":{"@context":"https:\/\/schema.org","@graph":[{"@type":"Article","@id":"https:\/\/ttt.com.bo\/?p=12701#article","isPartOf":{"@id":"https:\/\/ttt.com.bo\/?p=12701"},"author":{"name":"Pablo Quiroz","@id":"https:\/\/ttt.com.bo\/#\/schema\/person\/fbb90c0b606c0e222c31099bcbd72325"},"headline":"OnePlus anuncia la fecha del lanzamiento del OnePlus 12","datePublished":"2023-12-04T20:42:03+00:00","dateModified":"2023-12-04T20:42:05+00:00","mainEntityOfPage":{"@id":"https:\/\/ttt.com.bo\/?p=12701"},"wordCount":490,"commentCount":0,"publisher":{"@id":"https:\/\/ttt.com.bo\/#organization"},"image":{"@id":"https:\/\/ttt.com.bo\/?p=12701#primaryimage"},"thumbnailUrl":"https:\/\/ttt.com.bo\/wp-content\/uploads\/2023\/11\/OnePlus-anuncia-la-fecha-del-lanzamiento-del-OnePlus-12.png","articleSection":["Blogs","M\u00f3viles"],"inLanguage":"es","potentialAction":[{"@type":"CommentAction","name":"Comment","target":["https:\/\/ttt.com.bo\/?p=12701#respond"]}]},{"@type":"WebPage","@id":"https:\/\/ttt.com.bo\/?p=12701","url":"https:\/\/ttt.com.bo\/?p=12701","name":"OnePlus anuncia la fecha del lanzamiento del OnePlus 12 - True Tech Bolivia","isPartOf":{"@id":"https:\/\/ttt.com.bo\/#website"},"primaryImageOfPage":{"@id":"https:\/\/ttt.com.bo\/?p=12701#primaryimage"},"image":{"@id":"https:\/\/ttt.com.bo\/?p=12701#primaryimage"},"thumbnailUrl":"https:\/\/ttt.com.bo\/wp-content\/uploads\/2023\/11\/OnePlus-anuncia-la-fecha-del-lanzamiento-del-OnePlus-12.png","datePublished":"2023-12-04T20:42:03+00:00","dateModified":"2023-12-04T20:42:05+00:00","description":"El OnePlus 12 se lleva filtrando pr\u00e1cticamente al completo desde hace semanas y aqu\u00ed te contamos todo lo que necesitas saber.","breadcrumb":{"@id":"https:\/\/ttt.com.bo\/?p=12701#breadcrumb"},"inLanguage":"es","potentialAction":[{"@type":"ReadAction","target":["https:\/\/ttt.com.bo\/?p=12701"]}]},{"@type":"ImageObject","inLanguage":"es","@id":"https:\/\/ttt.com.bo\/?p=12701#primaryimage","url":"https:\/\/ttt.com.bo\/wp-content\/uploads\/2023\/11\/OnePlus-anuncia-la-fecha-del-lanzamiento-del-OnePlus-12.png","contentUrl":"https:\/\/ttt.com.bo\/wp-content\/uploads\/2023\/11\/OnePlus-anuncia-la-fecha-del-lanzamiento-del-OnePlus-12.png","width":1350,"height":650,"caption":"OnePlus anuncia la fecha del lanzamiento del OnePlus 12"},{"@type":"BreadcrumbList","@id":"https:\/\/ttt.com.bo\/?p=12701#breadcrumb","itemListElement":[{"@type":"ListItem","position":1,"name":"Portada","item":"https:\/\/ttt.com.bo\/"},{"@type":"ListItem","position":2,"name":"OnePlus anuncia la fecha del lanzamiento del OnePlus 12"}]},{"@type":"WebSite","@id":"https:\/\/ttt.com.bo\/#website","url":"https:\/\/ttt.com.bo\/","name":"True Tech Bolivia","description":"Tecnolog\u00eda a tu alcance","publisher":{"@id":"https:\/\/ttt.com.bo\/#organization"},"potentialAction":[{"@type":"SearchAction","target":{"@type":"EntryPoint","urlTemplate":"https:\/\/ttt.com.bo\/?s={search_term_string}"},"query-input":{"@type":"PropertyValueSpecification","valueRequired":true,"valueName":"search_term_string"}}],"inLanguage":"es"},{"@type":"Organization","@id":"https:\/\/ttt.com.bo\/#organization","name":"The True Tech Bolivia","url":"https:\/\/ttt.com.bo\/","logo":{"@type":"ImageObject","inLanguage":"es","@id":"https:\/\/ttt.com.bo\/#\/schema\/logo\/image\/","url":"https:\/\/ttt.com.bo\/wp-content\/uploads\/2020\/09\/LOGO-05.png","contentUrl":"https:\/\/ttt.com.bo\/wp-content\/uploads\/2020\/09\/LOGO-05.png","width":1060,"height":1060,"caption":"The True Tech Bolivia"},"image":{"@id":"https:\/\/ttt.com.bo\/#\/schema\/logo\/image\/"},"sameAs":["https:\/\/www.facebook.com\/tioetruetech\/","https:\/\/x.com\/tiotruetech","https:\/\/www.instagram.com\/tioetruetech\/","https:\/\/www.youtube.com\/channel\/UCgTkcGccJ5oZANJnDq0TWwQ\/videos"]},{"@type":"Person","@id":"https:\/\/ttt.com.bo\/#\/schema\/person\/fbb90c0b606c0e222c31099bcbd72325","name":"Pablo Quiroz","image":{"@type":"ImageObject","inLanguage":"es","@id":"https:\/\/secure.gravatar.com\/avatar\/389ce7aafcf7c0a9ef4db1f0acb88c5714a594b1a68a9f3685df6c5211551f12?s=96&d=mm&r=g","url":"https:\/\/secure.gravatar.com\/avatar\/389ce7aafcf7c0a9ef4db1f0acb88c5714a594b1a68a9f3685df6c5211551f12?s=96&d=mm&r=g","contentUrl":"https:\/\/secure.gravatar.com\/avatar\/389ce7aafcf7c0a9ef4db1f0acb88c5714a594b1a68a9f3685df6c5211551f12?s=96&d=mm&r=g","caption":"Pablo Quiroz"},"description":"Apasionado por el marketing digital, creador de contenido para redes sociales, dise\u00f1ador gr\u00e1fico y periodista digital.","sameAs":["https:\/\/www.facebook.com\/parquich\/","https:\/\/www.instagram.com\/par_quich\/","https:\/\/www.linkedin.com\/in\/parquich\/"],"url":"https:\/\/ttt.com.bo\/?author=8"}]}},"_links":{"self":[{"href":"https:\/\/ttt.com.bo\/index.php?rest_route=\/wp\/v2\/posts\/12701","targetHints":{"allow":["GET"]}}],"collection":[{"href":"https:\/\/ttt.com.bo\/index.php?rest_route=\/wp\/v2\/posts"}],"about":[{"href":"https:\/\/ttt.com.bo\/index.php?rest_route=\/wp\/v2\/types\/post"}],"author":[{"embeddable":true,"href":"https:\/\/ttt.com.bo\/index.php?rest_route=\/wp\/v2\/users\/8"}],"replies":[{"embeddable":true,"href":"https:\/\/ttt.com.bo\/index.php?rest_route=%2Fwp%2Fv2%2Fcomments&post=12701"}],"version-history":[{"count":1,"href":"https:\/\/ttt.com.bo\/index.php?rest_route=\/wp\/v2\/posts\/12701\/revisions"}],"predecessor-version":[{"id":12706,"href":"https:\/\/ttt.com.bo\/index.php?rest_route=\/wp\/v2\/posts\/12701\/revisions\/12706"}],"wp:featuredmedia":[{"embeddable":true,"href":"https:\/\/ttt.com.bo\/index.php?rest_route=\/wp\/v2\/media\/12702"}],"wp:attachment":[{"href":"https:\/\/ttt.com.bo\/index.php?rest_route=%2Fwp%2Fv2%2Fmedia&parent=12701"}],"wp:term":[{"taxonomy":"category","embeddable":true,"href":"https:\/\/ttt.com.bo\/index.php?rest_route=%2Fwp%2Fv2%2Fcategories&post=12701"},{"taxonomy":"post_tag","embeddable":true,"href":"https:\/\/ttt.com.bo\/index.php?rest_route=%2Fwp%2Fv2%2Ftags&post=12701"}],"curies":[{"name":"wp","href":"https:\/\/api.w.org\/{rel}","templated":true}]}}