{"id":12620,"date":"2023-11-17T20:07:50","date_gmt":"2023-11-18T00:07:50","guid":{"rendered":"https:\/\/ttt.com.bo\/?p=12620"},"modified":"2023-11-17T20:07:56","modified_gmt":"2023-11-18T00:07:56","slug":"generacion-procesadores-intel","status":"publish","type":"post","link":"https:\/\/ttt.com.bo\/?p=12620","title":{"rendered":"Intel lanz\u00f3 su 14\u00aa generaci\u00f3n de procesadores para computadoras"},"content":{"rendered":"\n<p>Intel no registr\u00f3 avances significativos en cuanto al desarrollo de sus equipos. Sin embargo, eso parece haber terminado, ya que lleg\u00f3 la 14\u00aa generaci\u00f3n de procesadores para computadoras de escritorio. De esta forma, la compa\u00f1\u00eda, despu\u00e9s de muchos a\u00f1os, present\u00f3 tecnolog\u00edas innovadoras que permiten grandes avances en rendimiento y eficiencia energ\u00e9tica.<\/p>\n\n\n\n<p>Hace unos d\u00edas, Intel present\u00f3 oficialmente su 14\u00aa generaci\u00f3n de procesadores para computadoras de escritorio, y se encuentran claramente en ese grupo llamativo. Estos procesadores superan a los chips de la 13\u00aa generaci\u00f3n del a\u00f1o pasado. La buena noticia para los constructores de equipos inform\u00e1ticos preocupados por el precio es que seguir\u00e1n funcionando en todas las tarjetas madre actuales de las series 600 y 700.<\/p>\n\n\n\n<figure class=\"wp-block-image size-large\"><img loading=\"lazy\" decoding=\"async\" width=\"1024\" height=\"686\" src=\"https:\/\/ttt.com.bo\/wp-content\/uploads\/2023\/11\/C3POJQ5BZRKENKOIM5ZOOMKE6U-1024x686.jpg\" alt=\"\" class=\"wp-image-12623\" srcset=\"https:\/\/ttt.com.bo\/wp-content\/uploads\/2023\/11\/C3POJQ5BZRKENKOIM5ZOOMKE6U-1024x686.jpg 1024w, https:\/\/ttt.com.bo\/wp-content\/uploads\/2023\/11\/C3POJQ5BZRKENKOIM5ZOOMKE6U-300x201.jpg 300w, https:\/\/ttt.com.bo\/wp-content\/uploads\/2023\/11\/C3POJQ5BZRKENKOIM5ZOOMKE6U-768x514.jpg 768w, https:\/\/ttt.com.bo\/wp-content\/uploads\/2023\/11\/C3POJQ5BZRKENKOIM5ZOOMKE6U-1536x1029.jpg 1536w, https:\/\/ttt.com.bo\/wp-content\/uploads\/2023\/11\/C3POJQ5BZRKENKOIM5ZOOMKE6U-2048x1372.jpg 2048w, https:\/\/ttt.com.bo\/wp-content\/uploads\/2023\/11\/C3POJQ5BZRKENKOIM5ZOOMKE6U-360x241.jpg 360w\" sizes=\"auto, (max-width: 1024px) 100vw, 1024px\" \/><figcaption class=\"wp-element-caption\">Intel lanz\u00f3 su 14\u00aa generaci\u00f3n de procesadores para computadoras <\/figcaption><\/figure>\n\n\n\n<h2 class=\"wp-block-heading\">Versiones de la 14\u00aa generaci\u00f3n de procesadores para computadoras <\/h2>\n\n\n\n<p>Los nuevos Intel Core de 14\u00aa Generaci\u00f3n Serie S se presentan con tres versiones diferentes: i9-14900K, i7-14700K, e i5-14600K. Llega tambi\u00e9n la variante KF, que no tiene GPU integrada, as\u00ed que requiere una tarjeta gr\u00e1fica. <\/p>\n\n\n\n<p>Esta nueva generaci\u00f3n es una evoluci\u00f3n de la 13\u00aa Generaci\u00f3n, optimizando pr\u00e1cticamente todos los aspectos del procesador, para obtener un 18% m\u00e1s de rendimiento en multitarea, un 23% m\u00e1s en gaming, y hasta un 53% m\u00e1s en creaci\u00f3n de contenido.<\/p>\n\n\n\n<p>El Intel Core i7-14700K tiene 20 n\u00facleos y 28 hilos. Con 8 n\u00facleos de rendimiento y 12 n\u00facleos eficientes. Lleva 28 MB de cach\u00e9 L2 y 33 MB de cach\u00e9 L3. Alcanza velocidades de hasta 5,6 GHz con los n\u00facleos de rendimiento, y 4,3 GHz con los eficientes. Con soporte de hasta 192 GB de memoria DDR5 5600, y un precio de 409 d\u00f3lares.<\/p>\n\n\n\n<p>Finalmente, tenemos el Intel Core i5-14600K, con 14 n\u00facleos y 20 hilos. Posee 6 n\u00facleos de rendimiento, y 8 n\u00facleos eficientes. Con 20 MB de cach\u00e9 L2 y 24 MB de cach\u00e9 L3. Alcanza velocidades de hasta 5,3 GHz con los n\u00facleos de rendimiento, y 4 GHz con los eficientes. Con soporte de hasta 192 GB de memoria DDR5 5600, y un precio de 319 d\u00f3lares.<\/p>\n\n\n\n<h2 class=\"wp-block-heading\">Mejoras de estos procesadores<\/h2>\n\n\n\n<p>La mejora de una generaci\u00f3n a otra es m\u00e1s significativa para el i7-14700K, que seg\u00fan Intel es entre 1.14 y 1.63 veces m\u00e1s r\u00e1pido que el Core i7-12700K, dependiendo de la tarea. El i7 incorpor\u00f3 ocho n\u00facleos E adicionales en los dos \u00faltimos a\u00f1os, algo que beneficiar\u00e1 a las cargas de trabajo multihilo.<\/p>\n\n\n\n<p>Tambi\u00e9n se debe destacar una funci\u00f3n adicional que Intel a\u00f1ade a su software XTU. Denominada \u201cAI Assist\u201d, porque estamos en 2023 y a todo se le a\u00f1ade una o dos pizcas de inteligencia artificial (IA). En el momento de escribir esto, Intel se\u00f1ala que solo funciona con el i9-14900K y el KF, pero ser\u00eda m\u00e1s interesante si lo hiciera con todas las CPU que admite actualmente la utilidad XTU, remont\u00e1ndose a los chips Core de novena generaci\u00f3n.<\/p>\n\n\n\n<p>Te invitamos a conocer m\u00e1s detalles al respecto en la <a href=\"https:\/\/www.intel.la\/content\/www\/xl\/es\/products\/details\/processors\/core.html\">web<\/a> de Intel. <\/p>\n","protected":false},"excerpt":{"rendered":"<p>Intel lanz\u00f3 su 14\u00aa generaci\u00f3n de procesadores para computadoras <\/p>\n","protected":false},"author":8,"featured_media":12621,"comment_status":"open","ping_status":"closed","sticky":true,"template":"","format":"standard","meta":{"footnotes":""},"categories":[459,38,47],"tags":[],"class_list":["post-12620","post","type-post","status-publish","format-standard","has-post-thumbnail","hentry","category-blog","category-ia","category-ordenadores"],"yoast_head":"<!-- This site is optimized with the Yoast SEO plugin v27.5 - https:\/\/yoast.com\/product\/yoast-seo-wordpress\/ -->\n<title>Intel lanz\u00f3 su 14\u00aa generaci\u00f3n de procesadores para computadoras - True Tech Bolivia<\/title>\n<meta name=\"description\" content=\"Intel presenta su m\u00e1s significativo avance en cuanto a procesadores. Aqu\u00ed te presentamos su 14\u00aa generaci\u00f3n de procesadores para computadoras\" \/>\n<meta name=\"robots\" content=\"index, follow, max-snippet:-1, max-image-preview:large, max-video-preview:-1\" \/>\n<link rel=\"canonical\" href=\"https:\/\/ttt.com.bo\/?p=12620\" \/>\n<meta property=\"og:locale\" content=\"es_ES\" \/>\n<meta property=\"og:type\" content=\"article\" \/>\n<meta property=\"og:title\" content=\"Intel lanz\u00f3 su 14\u00aa generaci\u00f3n de procesadores para computadoras - True Tech Bolivia\" \/>\n<meta property=\"og:description\" content=\"Intel presenta su m\u00e1s significativo avance en cuanto a procesadores. Aqu\u00ed te presentamos su 14\u00aa generaci\u00f3n de procesadores para computadoras\" \/>\n<meta property=\"og:url\" content=\"https:\/\/ttt.com.bo\/?p=12620\" \/>\n<meta property=\"og:site_name\" content=\"True Tech Bolivia\" \/>\n<meta property=\"article:publisher\" content=\"https:\/\/www.facebook.com\/tioetruetech\/\" \/>\n<meta property=\"article:author\" content=\"https:\/\/www.facebook.com\/parquich\/\" \/>\n<meta property=\"article:published_time\" content=\"2023-11-18T00:07:50+00:00\" \/>\n<meta property=\"article:modified_time\" content=\"2023-11-18T00:07:56+00:00\" \/>\n<meta property=\"og:image\" content=\"https:\/\/ttt.com.bo\/wp-content\/uploads\/2023\/11\/Intel-lanzo-su-14a-generacion-de-procesadores-para-computadoras-.png\" \/>\n\t<meta property=\"og:image:width\" content=\"1350\" \/>\n\t<meta property=\"og:image:height\" content=\"650\" \/>\n\t<meta property=\"og:image:type\" content=\"image\/png\" \/>\n<meta name=\"author\" content=\"Pablo Quiroz\" \/>\n<meta name=\"twitter:card\" content=\"summary_large_image\" \/>\n<meta name=\"twitter:creator\" content=\"@tiotruetech\" \/>\n<meta name=\"twitter:site\" content=\"@tiotruetech\" \/>\n<meta name=\"twitter:label1\" content=\"Escrito por\" \/>\n\t<meta name=\"twitter:data1\" content=\"Pablo Quiroz\" \/>\n\t<meta name=\"twitter:label2\" content=\"Tiempo de lectura\" \/>\n\t<meta name=\"twitter:data2\" content=\"3 minutos\" \/>\n<script type=\"application\/ld+json\" class=\"yoast-schema-graph\">{\"@context\":\"https:\\\/\\\/schema.org\",\"@graph\":[{\"@type\":\"Article\",\"@id\":\"https:\\\/\\\/ttt.com.bo\\\/?p=12620#article\",\"isPartOf\":{\"@id\":\"https:\\\/\\\/ttt.com.bo\\\/?p=12620\"},\"author\":{\"name\":\"Pablo Quiroz\",\"@id\":\"https:\\\/\\\/ttt.com.bo\\\/#\\\/schema\\\/person\\\/fbb90c0b606c0e222c31099bcbd72325\"},\"headline\":\"Intel lanz\u00f3 su 14\u00aa generaci\u00f3n de procesadores para computadoras\",\"datePublished\":\"2023-11-18T00:07:50+00:00\",\"dateModified\":\"2023-11-18T00:07:56+00:00\",\"mainEntityOfPage\":{\"@id\":\"https:\\\/\\\/ttt.com.bo\\\/?p=12620\"},\"wordCount\":526,\"commentCount\":0,\"publisher\":{\"@id\":\"https:\\\/\\\/ttt.com.bo\\\/#organization\"},\"image\":{\"@id\":\"https:\\\/\\\/ttt.com.bo\\\/?p=12620#primaryimage\"},\"thumbnailUrl\":\"https:\\\/\\\/ttt.com.bo\\\/wp-content\\\/uploads\\\/2023\\\/11\\\/Intel-lanzo-su-14a-generacion-de-procesadores-para-computadoras-.png\",\"articleSection\":[\"Blogs\",\"Inteligencia artificial\",\"Ordenadores\"],\"inLanguage\":\"es\",\"potentialAction\":[{\"@type\":\"CommentAction\",\"name\":\"Comment\",\"target\":[\"https:\\\/\\\/ttt.com.bo\\\/?p=12620#respond\"]}]},{\"@type\":\"WebPage\",\"@id\":\"https:\\\/\\\/ttt.com.bo\\\/?p=12620\",\"url\":\"https:\\\/\\\/ttt.com.bo\\\/?p=12620\",\"name\":\"Intel lanz\u00f3 su 14\u00aa generaci\u00f3n de procesadores para computadoras - True Tech Bolivia\",\"isPartOf\":{\"@id\":\"https:\\\/\\\/ttt.com.bo\\\/#website\"},\"primaryImageOfPage\":{\"@id\":\"https:\\\/\\\/ttt.com.bo\\\/?p=12620#primaryimage\"},\"image\":{\"@id\":\"https:\\\/\\\/ttt.com.bo\\\/?p=12620#primaryimage\"},\"thumbnailUrl\":\"https:\\\/\\\/ttt.com.bo\\\/wp-content\\\/uploads\\\/2023\\\/11\\\/Intel-lanzo-su-14a-generacion-de-procesadores-para-computadoras-.png\",\"datePublished\":\"2023-11-18T00:07:50+00:00\",\"dateModified\":\"2023-11-18T00:07:56+00:00\",\"description\":\"Intel presenta su m\u00e1s significativo avance en cuanto a procesadores. Aqu\u00ed te presentamos su 14\u00aa generaci\u00f3n de procesadores para computadoras\",\"breadcrumb\":{\"@id\":\"https:\\\/\\\/ttt.com.bo\\\/?p=12620#breadcrumb\"},\"inLanguage\":\"es\",\"potentialAction\":[{\"@type\":\"ReadAction\",\"target\":[\"https:\\\/\\\/ttt.com.bo\\\/?p=12620\"]}]},{\"@type\":\"ImageObject\",\"inLanguage\":\"es\",\"@id\":\"https:\\\/\\\/ttt.com.bo\\\/?p=12620#primaryimage\",\"url\":\"https:\\\/\\\/ttt.com.bo\\\/wp-content\\\/uploads\\\/2023\\\/11\\\/Intel-lanzo-su-14a-generacion-de-procesadores-para-computadoras-.png\",\"contentUrl\":\"https:\\\/\\\/ttt.com.bo\\\/wp-content\\\/uploads\\\/2023\\\/11\\\/Intel-lanzo-su-14a-generacion-de-procesadores-para-computadoras-.png\",\"width\":1350,\"height\":650,\"caption\":\"Intel lanz\u00f3 su 14\u00aa generaci\u00f3n de procesadores para computadoras\"},{\"@type\":\"BreadcrumbList\",\"@id\":\"https:\\\/\\\/ttt.com.bo\\\/?p=12620#breadcrumb\",\"itemListElement\":[{\"@type\":\"ListItem\",\"position\":1,\"name\":\"Portada\",\"item\":\"https:\\\/\\\/ttt.com.bo\\\/\"},{\"@type\":\"ListItem\",\"position\":2,\"name\":\"Intel lanz\u00f3 su 14\u00aa generaci\u00f3n de procesadores para computadoras\"}]},{\"@type\":\"WebSite\",\"@id\":\"https:\\\/\\\/ttt.com.bo\\\/#website\",\"url\":\"https:\\\/\\\/ttt.com.bo\\\/\",\"name\":\"True Tech Bolivia\",\"description\":\"Tecnolog\u00eda a tu alcance\",\"publisher\":{\"@id\":\"https:\\\/\\\/ttt.com.bo\\\/#organization\"},\"potentialAction\":[{\"@type\":\"SearchAction\",\"target\":{\"@type\":\"EntryPoint\",\"urlTemplate\":\"https:\\\/\\\/ttt.com.bo\\\/?s={search_term_string}\"},\"query-input\":{\"@type\":\"PropertyValueSpecification\",\"valueRequired\":true,\"valueName\":\"search_term_string\"}}],\"inLanguage\":\"es\"},{\"@type\":\"Organization\",\"@id\":\"https:\\\/\\\/ttt.com.bo\\\/#organization\",\"name\":\"The True Tech Bolivia\",\"url\":\"https:\\\/\\\/ttt.com.bo\\\/\",\"logo\":{\"@type\":\"ImageObject\",\"inLanguage\":\"es\",\"@id\":\"https:\\\/\\\/ttt.com.bo\\\/#\\\/schema\\\/logo\\\/image\\\/\",\"url\":\"https:\\\/\\\/ttt.com.bo\\\/wp-content\\\/uploads\\\/2020\\\/09\\\/LOGO-05.png\",\"contentUrl\":\"https:\\\/\\\/ttt.com.bo\\\/wp-content\\\/uploads\\\/2020\\\/09\\\/LOGO-05.png\",\"width\":1060,\"height\":1060,\"caption\":\"The True Tech Bolivia\"},\"image\":{\"@id\":\"https:\\\/\\\/ttt.com.bo\\\/#\\\/schema\\\/logo\\\/image\\\/\"},\"sameAs\":[\"https:\\\/\\\/www.facebook.com\\\/tioetruetech\\\/\",\"https:\\\/\\\/x.com\\\/tiotruetech\",\"https:\\\/\\\/www.instagram.com\\\/tioetruetech\\\/\",\"https:\\\/\\\/www.youtube.com\\\/channel\\\/UCgTkcGccJ5oZANJnDq0TWwQ\\\/videos\"]},{\"@type\":\"Person\",\"@id\":\"https:\\\/\\\/ttt.com.bo\\\/#\\\/schema\\\/person\\\/fbb90c0b606c0e222c31099bcbd72325\",\"name\":\"Pablo Quiroz\",\"image\":{\"@type\":\"ImageObject\",\"inLanguage\":\"es\",\"@id\":\"https:\\\/\\\/secure.gravatar.com\\\/avatar\\\/389ce7aafcf7c0a9ef4db1f0acb88c5714a594b1a68a9f3685df6c5211551f12?s=96&d=mm&r=g\",\"url\":\"https:\\\/\\\/secure.gravatar.com\\\/avatar\\\/389ce7aafcf7c0a9ef4db1f0acb88c5714a594b1a68a9f3685df6c5211551f12?s=96&d=mm&r=g\",\"contentUrl\":\"https:\\\/\\\/secure.gravatar.com\\\/avatar\\\/389ce7aafcf7c0a9ef4db1f0acb88c5714a594b1a68a9f3685df6c5211551f12?s=96&d=mm&r=g\",\"caption\":\"Pablo Quiroz\"},\"description\":\"Apasionado por el marketing digital, creador de contenido para redes sociales, dise\u00f1ador gr\u00e1fico y periodista digital.\",\"sameAs\":[\"https:\\\/\\\/www.facebook.com\\\/parquich\\\/\",\"https:\\\/\\\/www.instagram.com\\\/par_quich\\\/\",\"https:\\\/\\\/www.linkedin.com\\\/in\\\/parquich\\\/\"],\"url\":\"https:\\\/\\\/ttt.com.bo\\\/?author=8\"}]}<\/script>\n<!-- \/ Yoast SEO plugin. -->","yoast_head_json":{"title":"Intel lanz\u00f3 su 14\u00aa generaci\u00f3n de procesadores para computadoras - True Tech Bolivia","description":"Intel presenta su m\u00e1s significativo avance en cuanto a procesadores. Aqu\u00ed te presentamos su 14\u00aa generaci\u00f3n de procesadores para computadoras","robots":{"index":"index","follow":"follow","max-snippet":"max-snippet:-1","max-image-preview":"max-image-preview:large","max-video-preview":"max-video-preview:-1"},"canonical":"https:\/\/ttt.com.bo\/?p=12620","og_locale":"es_ES","og_type":"article","og_title":"Intel lanz\u00f3 su 14\u00aa generaci\u00f3n de procesadores para computadoras - True Tech Bolivia","og_description":"Intel presenta su m\u00e1s significativo avance en cuanto a procesadores. Aqu\u00ed te presentamos su 14\u00aa generaci\u00f3n de procesadores para computadoras","og_url":"https:\/\/ttt.com.bo\/?p=12620","og_site_name":"True Tech Bolivia","article_publisher":"https:\/\/www.facebook.com\/tioetruetech\/","article_author":"https:\/\/www.facebook.com\/parquich\/","article_published_time":"2023-11-18T00:07:50+00:00","article_modified_time":"2023-11-18T00:07:56+00:00","og_image":[{"width":1350,"height":650,"url":"https:\/\/ttt.com.bo\/wp-content\/uploads\/2023\/11\/Intel-lanzo-su-14a-generacion-de-procesadores-para-computadoras-.png","type":"image\/png"}],"author":"Pablo Quiroz","twitter_card":"summary_large_image","twitter_creator":"@tiotruetech","twitter_site":"@tiotruetech","twitter_misc":{"Escrito por":"Pablo Quiroz","Tiempo de lectura":"3 minutos"},"schema":{"@context":"https:\/\/schema.org","@graph":[{"@type":"Article","@id":"https:\/\/ttt.com.bo\/?p=12620#article","isPartOf":{"@id":"https:\/\/ttt.com.bo\/?p=12620"},"author":{"name":"Pablo Quiroz","@id":"https:\/\/ttt.com.bo\/#\/schema\/person\/fbb90c0b606c0e222c31099bcbd72325"},"headline":"Intel lanz\u00f3 su 14\u00aa generaci\u00f3n de procesadores para computadoras","datePublished":"2023-11-18T00:07:50+00:00","dateModified":"2023-11-18T00:07:56+00:00","mainEntityOfPage":{"@id":"https:\/\/ttt.com.bo\/?p=12620"},"wordCount":526,"commentCount":0,"publisher":{"@id":"https:\/\/ttt.com.bo\/#organization"},"image":{"@id":"https:\/\/ttt.com.bo\/?p=12620#primaryimage"},"thumbnailUrl":"https:\/\/ttt.com.bo\/wp-content\/uploads\/2023\/11\/Intel-lanzo-su-14a-generacion-de-procesadores-para-computadoras-.png","articleSection":["Blogs","Inteligencia artificial","Ordenadores"],"inLanguage":"es","potentialAction":[{"@type":"CommentAction","name":"Comment","target":["https:\/\/ttt.com.bo\/?p=12620#respond"]}]},{"@type":"WebPage","@id":"https:\/\/ttt.com.bo\/?p=12620","url":"https:\/\/ttt.com.bo\/?p=12620","name":"Intel lanz\u00f3 su 14\u00aa generaci\u00f3n de procesadores para computadoras - True Tech Bolivia","isPartOf":{"@id":"https:\/\/ttt.com.bo\/#website"},"primaryImageOfPage":{"@id":"https:\/\/ttt.com.bo\/?p=12620#primaryimage"},"image":{"@id":"https:\/\/ttt.com.bo\/?p=12620#primaryimage"},"thumbnailUrl":"https:\/\/ttt.com.bo\/wp-content\/uploads\/2023\/11\/Intel-lanzo-su-14a-generacion-de-procesadores-para-computadoras-.png","datePublished":"2023-11-18T00:07:50+00:00","dateModified":"2023-11-18T00:07:56+00:00","description":"Intel presenta su m\u00e1s significativo avance en cuanto a procesadores. Aqu\u00ed te presentamos su 14\u00aa generaci\u00f3n de procesadores para computadoras","breadcrumb":{"@id":"https:\/\/ttt.com.bo\/?p=12620#breadcrumb"},"inLanguage":"es","potentialAction":[{"@type":"ReadAction","target":["https:\/\/ttt.com.bo\/?p=12620"]}]},{"@type":"ImageObject","inLanguage":"es","@id":"https:\/\/ttt.com.bo\/?p=12620#primaryimage","url":"https:\/\/ttt.com.bo\/wp-content\/uploads\/2023\/11\/Intel-lanzo-su-14a-generacion-de-procesadores-para-computadoras-.png","contentUrl":"https:\/\/ttt.com.bo\/wp-content\/uploads\/2023\/11\/Intel-lanzo-su-14a-generacion-de-procesadores-para-computadoras-.png","width":1350,"height":650,"caption":"Intel lanz\u00f3 su 14\u00aa generaci\u00f3n de procesadores para computadoras"},{"@type":"BreadcrumbList","@id":"https:\/\/ttt.com.bo\/?p=12620#breadcrumb","itemListElement":[{"@type":"ListItem","position":1,"name":"Portada","item":"https:\/\/ttt.com.bo\/"},{"@type":"ListItem","position":2,"name":"Intel lanz\u00f3 su 14\u00aa generaci\u00f3n de procesadores para computadoras"}]},{"@type":"WebSite","@id":"https:\/\/ttt.com.bo\/#website","url":"https:\/\/ttt.com.bo\/","name":"True Tech Bolivia","description":"Tecnolog\u00eda a tu alcance","publisher":{"@id":"https:\/\/ttt.com.bo\/#organization"},"potentialAction":[{"@type":"SearchAction","target":{"@type":"EntryPoint","urlTemplate":"https:\/\/ttt.com.bo\/?s={search_term_string}"},"query-input":{"@type":"PropertyValueSpecification","valueRequired":true,"valueName":"search_term_string"}}],"inLanguage":"es"},{"@type":"Organization","@id":"https:\/\/ttt.com.bo\/#organization","name":"The True Tech Bolivia","url":"https:\/\/ttt.com.bo\/","logo":{"@type":"ImageObject","inLanguage":"es","@id":"https:\/\/ttt.com.bo\/#\/schema\/logo\/image\/","url":"https:\/\/ttt.com.bo\/wp-content\/uploads\/2020\/09\/LOGO-05.png","contentUrl":"https:\/\/ttt.com.bo\/wp-content\/uploads\/2020\/09\/LOGO-05.png","width":1060,"height":1060,"caption":"The True Tech Bolivia"},"image":{"@id":"https:\/\/ttt.com.bo\/#\/schema\/logo\/image\/"},"sameAs":["https:\/\/www.facebook.com\/tioetruetech\/","https:\/\/x.com\/tiotruetech","https:\/\/www.instagram.com\/tioetruetech\/","https:\/\/www.youtube.com\/channel\/UCgTkcGccJ5oZANJnDq0TWwQ\/videos"]},{"@type":"Person","@id":"https:\/\/ttt.com.bo\/#\/schema\/person\/fbb90c0b606c0e222c31099bcbd72325","name":"Pablo Quiroz","image":{"@type":"ImageObject","inLanguage":"es","@id":"https:\/\/secure.gravatar.com\/avatar\/389ce7aafcf7c0a9ef4db1f0acb88c5714a594b1a68a9f3685df6c5211551f12?s=96&d=mm&r=g","url":"https:\/\/secure.gravatar.com\/avatar\/389ce7aafcf7c0a9ef4db1f0acb88c5714a594b1a68a9f3685df6c5211551f12?s=96&d=mm&r=g","contentUrl":"https:\/\/secure.gravatar.com\/avatar\/389ce7aafcf7c0a9ef4db1f0acb88c5714a594b1a68a9f3685df6c5211551f12?s=96&d=mm&r=g","caption":"Pablo Quiroz"},"description":"Apasionado por el marketing digital, creador de contenido para redes sociales, dise\u00f1ador gr\u00e1fico y periodista digital.","sameAs":["https:\/\/www.facebook.com\/parquich\/","https:\/\/www.instagram.com\/par_quich\/","https:\/\/www.linkedin.com\/in\/parquich\/"],"url":"https:\/\/ttt.com.bo\/?author=8"}]}},"_links":{"self":[{"href":"https:\/\/ttt.com.bo\/index.php?rest_route=\/wp\/v2\/posts\/12620","targetHints":{"allow":["GET"]}}],"collection":[{"href":"https:\/\/ttt.com.bo\/index.php?rest_route=\/wp\/v2\/posts"}],"about":[{"href":"https:\/\/ttt.com.bo\/index.php?rest_route=\/wp\/v2\/types\/post"}],"author":[{"embeddable":true,"href":"https:\/\/ttt.com.bo\/index.php?rest_route=\/wp\/v2\/users\/8"}],"replies":[{"embeddable":true,"href":"https:\/\/ttt.com.bo\/index.php?rest_route=%2Fwp%2Fv2%2Fcomments&post=12620"}],"version-history":[{"count":2,"href":"https:\/\/ttt.com.bo\/index.php?rest_route=\/wp\/v2\/posts\/12620\/revisions"}],"predecessor-version":[{"id":12637,"href":"https:\/\/ttt.com.bo\/index.php?rest_route=\/wp\/v2\/posts\/12620\/revisions\/12637"}],"wp:featuredmedia":[{"embeddable":true,"href":"https:\/\/ttt.com.bo\/index.php?rest_route=\/wp\/v2\/media\/12621"}],"wp:attachment":[{"href":"https:\/\/ttt.com.bo\/index.php?rest_route=%2Fwp%2Fv2%2Fmedia&parent=12620"}],"wp:term":[{"taxonomy":"category","embeddable":true,"href":"https:\/\/ttt.com.bo\/index.php?rest_route=%2Fwp%2Fv2%2Fcategories&post=12620"},{"taxonomy":"post_tag","embeddable":true,"href":"https:\/\/ttt.com.bo\/index.php?rest_route=%2Fwp%2Fv2%2Ftags&post=12620"}],"curies":[{"name":"wp","href":"https:\/\/api.w.org\/{rel}","templated":true}]}}